[{"@context":"https:\/\/schema.org\/","@type":"Article","@id":"https:\/\/www.vinaf.cz\/auto-je-momentalne-nutnosti-a-kdo-je-nema-ma-minus-jako-brno\/#Article","mainEntityOfPage":"https:\/\/www.vinaf.cz\/auto-je-momentalne-nutnosti-a-kdo-je-nema-ma-minus-jako-brno\/","headline":"Auto je moment\u00e1ln\u011b nutnost\u00ed a kdo je nem\u00e1, m\u00e1 m\u00ednus jako Brno","name":"Auto je moment\u00e1ln\u011b nutnost\u00ed a kdo je nem\u00e1, m\u00e1 m\u00ednus jako Brno","description":"\u0158\u00edd\u00edte? A co takhle pr\u016fjezd Prahou, Brnem, Bratislavou? \u00a0 Chcete se st\u00e1t kvalitn\u00ed \u0159idi\u010dem a z\u00edskat schopnost analyzovat a vyhodnocovat dopravn\u00ed situace? A st\u00e1le uva\u017eujete, kter\u00e1 auto\u0161kola V\u00e1m tohle v\u0161e m\u016f\u017ee nab\u00eddnout? M\u00e1me pro V\u00e1s odpov\u011b\u010f, Slon auto\u0161kola Brno p\u0159esn\u011b spl\u0148uje Va\u0161e n\u00e1ro\u010dn\u00e9, ale pochopiteln\u00e9 po\u017eadavky. Porad\u00edte si i ve \u0161pi\u010dce? Zapla\u0165te si hodiny v [&hellip;]","datePublished":"2024-11-12","dateModified":"2024-11-12","author":{"@type":"Person","@id":"https:\/\/www.vinaf.cz\/author\/#Person","name":"","url":"https:\/\/www.vinaf.cz\/author\/","identifier":1,"image":{"@type":"ImageObject","@id":"https:\/\/secure.gravatar.com\/avatar\/e0a4ee3123bc6cda06472cb29cefd2abfa18c894e6c63b3d8bc84df8da10f637?s=96&d=mm&r=g","url":"https:\/\/secure.gravatar.com\/avatar\/e0a4ee3123bc6cda06472cb29cefd2abfa18c894e6c63b3d8bc84df8da10f637?s=96&d=mm&r=g","height":96,"width":96}},"publisher":{"@type":"Organization","name":"vinaf.cz","logo":{"@type":"ImageObject","@id":"\/logo.png","url":"\/logo.png","width":600,"height":60}},"url":"https:\/\/www.vinaf.cz\/auto-je-momentalne-nutnosti-a-kdo-je-nema-ma-minus-jako-brno\/","wordCount":223,"articleBody":"\t\u0158\u00edd\u00edte? A co takhle pr\u016fjezd Prahou, Brnem, Bratislavou?\t\u00a0Chcete se st\u00e1t kvalitn\u00ed \u0159idi\u010dem a z\u00edskat schopnost analyzovat a vyhodnocovat dopravn\u00ed situace? A st\u00e1le uva\u017eujete, kter\u00e1 auto\u0161kola V\u00e1m tohle v\u0161e m\u016f\u017ee nab\u00eddnout? M\u00e1me pro V\u00e1s odpov\u011b\u010f, Slon auto\u0161kola Brno p\u0159esn\u011b spl\u0148uje Va\u0161e n\u00e1ro\u010dn\u00e9, ale pochopiteln\u00e9 po\u017eadavky.\tPorad\u00edte si i ve \u0161pi\u010dce? Zapla\u0165te si hodiny v auto\u0161kole Brno.\t\u00a0Slon auto\u0161kola Brno m\u00e1 ji\u017e dlouholetou tradici v Brn\u011b. V na\u0161\u00ed auto\u0161kole m\u00e1me zku\u0161en\u00e9 a prov\u011b\u0159en\u00e9 dobr\u00fdmi v\u00fdsledky lektory, kte\u0159\u00ed preferuj\u00ed individu\u00e1ln\u00ed p\u0159\u00edstup ke ka\u017ed\u00e9mu ze sv\u00fdch \u017e\u00e1k\u016f. Jsou nab\u00e1d\u00e1n\u00ed k absolutn\u00ed profesionalit\u011b a jsou ochotni V\u00e1m p\u0159edat sv\u00e9 zku\u0161enosti a schopnosti t\u00fdkaj\u00edc\u00ed se jak \u0159\u00edzen\u00ed automobil\u016f tak anal\u00fdzy dopravn\u00ed situace na komunikac\u00edch.\tNejsme oby\u010dejn\u00e1 auto\u0161kola\tMo\u017en\u00e1 si te\u010f \u0159\u00edk\u00e1te v \u010dem je Slon auto\u0161kola Praha v\u00fdjime\u010dn\u00e1? Pr\u00e1v\u011b v tom, \u017ee se sna\u017e\u00edme, aby \u017e\u00e1ci po na\u0161ich kurzech byli stoprocentn\u011b \u00fasp\u011b\u0161n\u00ed p\u0159i z\u00e1v\u011bre\u010dn\u00fdch zkou\u0161k\u00e1ch, ale nejen to, db\u00e1me, abychom z na\u0161ich \u017e\u00e1k\u016f vychovali ohledupln\u00e9 a bezpe\u010dn\u00e9 \u0159idi\u010de.                                                                                                                                                                                                                                                                                                                                                                                        4.3\/5 - (3 votes)        "},{"@context":"https:\/\/schema.org\/","@type":"BreadcrumbList","itemListElement":[{"@type":"ListItem","position":1,"name":"Auto je moment\u00e1ln\u011b nutnost\u00ed a kdo je nem\u00e1, m\u00e1 m\u00ednus jako Brno","item":"https:\/\/www.vinaf.cz\/auto-je-momentalne-nutnosti-a-kdo-je-nema-ma-minus-jako-brno\/#breadcrumbitem"}]}]