[{"@context":"https:\/\/schema.org\/","@type":"Article","@id":"https:\/\/www.vinaf.cz\/co-si-sebou-na-dlouhou-cestu\/#Article","mainEntityOfPage":"https:\/\/www.vinaf.cz\/co-si-sebou-na-dlouhou-cestu\/","headline":"Co si sebou na dlouhou cestu?","name":"Co si sebou na dlouhou cestu?","description":"Cestov\u00e1n\u00ed pat\u0159\u00ed k \u017eivotu ka\u017ed\u00e9ho \u010dlov\u011bka. Je to zcela p\u0159irozen\u00fd akt. A\u0165 u\u017e cestujete do pr\u00e1ce, za z\u00e1bavou nebo v\u00e1s \u010dek\u00e1 dlouh\u00e1 cesta na dovolenou apod., je dobr\u00e9 sebou m\u00edt p\u00e1r v\u011bc\u00ed, kter\u00e9 udr\u017e\u00ed va\u0161e t\u011blo a mysl st\u00e1le v pohod\u011b. pro zp\u0159\u00edjemn\u011bn\u00ed cestov\u00e1n\u00ed je dobr\u00e9 si sebou vz\u00edt v\u011bci, kter\u00e9 v\u00e1m cestu zp\u0159\u00edjemn\u00ed a [&hellip;]","datePublished":"2024-10-14","dateModified":"2024-10-14","author":{"@type":"Person","@id":"https:\/\/www.vinaf.cz\/author\/#Person","name":"","url":"https:\/\/www.vinaf.cz\/author\/","identifier":1,"image":{"@type":"ImageObject","@id":"https:\/\/secure.gravatar.com\/avatar\/e0a4ee3123bc6cda06472cb29cefd2abfa18c894e6c63b3d8bc84df8da10f637?s=96&d=mm&r=g","url":"https:\/\/secure.gravatar.com\/avatar\/e0a4ee3123bc6cda06472cb29cefd2abfa18c894e6c63b3d8bc84df8da10f637?s=96&d=mm&r=g","height":96,"width":96}},"publisher":{"@type":"Organization","name":"vinaf.cz","logo":{"@type":"ImageObject","@id":"\/logo.png","url":"\/logo.png","width":600,"height":60}},"url":"https:\/\/www.vinaf.cz\/co-si-sebou-na-dlouhou-cestu\/","wordCount":196,"articleBody":"Cestov\u00e1n\u00ed pat\u0159\u00ed k \u017eivotu ka\u017ed\u00e9ho \u010dlov\u011bka. Je to zcela p\u0159irozen\u00fd akt. A\u0165 u\u017e cestujete do pr\u00e1ce, za z\u00e1bavou nebo v\u00e1s \u010dek\u00e1 dlouh\u00e1 cesta na dovolenou apod., je dobr\u00e9 sebou m\u00edt p\u00e1r v\u011bc\u00ed, kter\u00e9 udr\u017e\u00ed va\u0161e t\u011blo a mysl st\u00e1le v pohod\u011b. pro zp\u0159\u00edjemn\u011bn\u00ed cestov\u00e1n\u00ed je dobr\u00e9 si sebou vz\u00edt v\u011bci, kter\u00e9 v\u00e1m cestu zp\u0159\u00edjemn\u00ed a t\u00edm v\u00e1m tak \u010das str\u00e1ven\u00fd cestov\u00e1n\u00edm v\u00edce ute\u010de. \u0158e\u010d je nap\u0159\u00edklad o dobr\u00e9 kn\u00ed\u017ece, hudb\u011b, k\u0159\u00ed\u017eovce apod. Tak\u00e9 je skv\u011bl\u00e9 m\u00edt sebou n\u011bjak\u00fd ten pol\u0161t\u00e1\u0159ek, kter\u00fd zaru\u010d\u00ed pohodl\u00ed. Na cestu by jste m\u011bla sebou m\u00edt dostatek pit\u00ed a j\u00eddla. A aby jste po vy\u010derp\u00e1vaj\u00edc\u00ed cest\u011b nevypadala unaven\u011b, zabalte si tak\u00e9 p\u00e1r kosmetick\u00fdch produkt\u016f. Svou ple\u0165 by m\u011bli \u017eeny na cest\u00e1ch o\u0161et\u0159ovat kvalitn\u00edmi ple\u0165ov\u00fdmi kr\u00e9my. Rty by nem\u011bly zapomenout zvl\u00e1\u010d\u0148ovat balz\u00e1my a o\u010di by m\u011bli zvlh\u010dovat o\u010dn\u00edmi kapkami nebo gely.                                                                                                                                                                                                                                                                                                                                                                                        4.7\/5 - (3 votes)        "},{"@context":"https:\/\/schema.org\/","@type":"BreadcrumbList","itemListElement":[{"@type":"ListItem","position":1,"name":"Co si sebou na dlouhou cestu?","item":"https:\/\/www.vinaf.cz\/co-si-sebou-na-dlouhou-cestu\/#breadcrumbitem"}]}]