[{"@context":"https:\/\/schema.org\/","@type":"Article","@id":"https:\/\/www.vinaf.cz\/i-sezeni-u-pocitace-muze-byt-prijemne\/#Article","mainEntityOfPage":"https:\/\/www.vinaf.cz\/i-sezeni-u-pocitace-muze-byt-prijemne\/","headline":"I sezen\u00ed u po\u010d\u00edta\u010de m\u016f\u017ee b\u00fdt p\u0159\u00edjemn\u00e9!","name":"I sezen\u00ed u po\u010d\u00edta\u010de m\u016f\u017ee b\u00fdt p\u0159\u00edjemn\u00e9!","description":"Ob\u010das je ka\u017ed\u00fd z n\u00e1s n\u011bkdy unaven\u00fd z pr\u00e1ce. Kouk\u00e1me cel\u00e9 dny do po\u010d\u00edta\u010d\u016f, d\u011bl\u00e1me rutinn\u00ed \u010dinnost, cel\u00fd den sed\u00edme v jedn\u00e9 poloze. Na to ale nen\u00ed na\u0161e t\u011blo stav\u011bn\u00e9, proto\u017ee pak \u010dasto trp\u00ed z r\u016fzn\u00fdch d\u016fvod\u016f. Na\u0161e t\u011blo je stav\u011bn\u00e9 na pohyb a na p\u0159irozenou \u010dinnost, \u010d\u00edm\u017e sezen\u00ed u po\u010d\u00edta\u010de rozhodn\u011b nen\u00ed. M\u00e1 to [&hellip;]","datePublished":"2022-08-14","dateModified":"2022-08-14","author":{"@type":"Person","@id":"https:\/\/www.vinaf.cz\/author\/#Person","name":"","url":"https:\/\/www.vinaf.cz\/author\/","identifier":1,"image":{"@type":"ImageObject","@id":"https:\/\/secure.gravatar.com\/avatar\/e0a4ee3123bc6cda06472cb29cefd2abfa18c894e6c63b3d8bc84df8da10f637?s=96&d=mm&r=g","url":"https:\/\/secure.gravatar.com\/avatar\/e0a4ee3123bc6cda06472cb29cefd2abfa18c894e6c63b3d8bc84df8da10f637?s=96&d=mm&r=g","height":96,"width":96}},"publisher":{"@type":"Organization","name":"vinaf.cz","logo":{"@type":"ImageObject","@id":"\/logo.png","url":"\/logo.png","width":600,"height":60}},"image":{"@type":"ImageObject","@id":"https:\/\/www.vinaf.cz\/wp-content\/uploads\/technology-g17bd77961_640.jpg","url":"https:\/\/www.vinaf.cz\/wp-content\/uploads\/technology-g17bd77961_640.jpg","height":0,"width":0},"url":"https:\/\/www.vinaf.cz\/i-sezeni-u-pocitace-muze-byt-prijemne\/","wordCount":444,"articleBody":"       Ob\u010das je ka\u017ed\u00fd z n\u00e1s n\u011bkdy unaven\u00fd z pr\u00e1ce. Kouk\u00e1me cel\u00e9 dny do po\u010d\u00edta\u010d\u016f, d\u011bl\u00e1me rutinn\u00ed \u010dinnost, cel\u00fd den sed\u00edme v jedn\u00e9 poloze. Na to ale nen\u00ed na\u0161e t\u011blo stav\u011bn\u00e9, proto\u017ee pak \u010dasto trp\u00ed z r\u016fzn\u00fdch d\u016fvod\u016f. Na\u0161e t\u011blo je stav\u011bn\u00e9 na pohyb a na p\u0159irozenou \u010dinnost, \u010d\u00edm\u017e sezen\u00ed u po\u010d\u00edta\u010de rozhodn\u011b nen\u00ed. M\u00e1 to hned n\u011bkolik \u0161patn\u00fdch dopad\u016f na na\u0161e t\u011blo!Co nejv\u00edce ni\u010d\u00ed na\u0161e t\u011blo p\u0159i sezen\u00ed u po\u010d\u00edta\u010de? \u0160patn\u00fdch d\u016fsledk\u016f je hned n\u011bkolik. Lze jim ale p\u0159ech\u00e1zet, nebo alespo\u0148 ty nejfat\u00e1ln\u011bj\u0161\u00ed dopady redukovat a viditeln\u011b sni\u017eovat. Sezen\u00ed u po\u010d\u00edta\u010de je pro na\u0161e t\u011blo velmi nep\u0159irozen\u00e9. Trp\u00ed na\u0161e z\u00e1da, ruce, nohy ale i o\u010di! Je pot\u0159eba myslet na to, abychom sed\u011bli rovn\u011b a \u010das od \u010dasu se pro\u0161li a prot\u00e1hli. \u010cast\u00fdm onemocn\u011bn\u00edm z pr\u00e1ce na po\u010d\u00edta\u010di jsou karp\u00e1ln\u00ed tunely, co\u017e je bolestiv\u00e9 onemocn\u011bn\u00ed rukou zp\u016fsoben\u00e9 prac\u00ed s my\u0161\u00ed od po\u010d\u00edta\u010de. Lze j\u00edm p\u0159edch\u00e1zet kvalitn\u00ed ergonomickou my\u0161\u00ed a tak\u00e9 pravideln\u00fdm cvi\u010den\u00edm. Existuj\u00ed velmi snadn\u00e9 cviky na ruce, kter\u00e9 je t\u0159eba cvi\u010dit pravideln\u011b, abyste se vyhnuli karp\u00e1l\u016fm.V\u011bd\u011bli jste tak\u00e9, \u017ee se p\u0159i sezen\u00ed u po\u010d\u00edta\u010de ni\u010d\u00ed va\u0161e o\u010di? Mo\u017en\u00e1 se v\u00e1m u\u017e stalo, \u017ee jste sed\u011bli dlouho u po\u010d\u00edta\u010de, do n\u011bho\u017e jste dlouho koukali, a\u017e v\u00e1s z toho bolely o\u010di a tak\u00e9 jste nemohli usnout. To je naprosto norm\u00e1ln\u00ed stav, kter\u00fd nastane po dlouhotrvaj\u00edc\u00edm kouk\u00e1n\u00ed do obrazovky po\u010d\u00edta\u010de. Obrazovka elektronick\u00e9ho za\u0159\u00edzen\u00ed, tedy i tabletu nebo mobilu, vyza\u0159uje tzv. modr\u00e9 sv\u011btlo, kter\u00e9 nen\u00ed v\u016fbec prosp\u011b\u0161n\u00e9 pro na\u0161e o\u010di. Ale i tomu se d\u00e1 vyhnout! Tento probl\u00e9m vy\u0159e\u0161\u00ed br\u00fdle proti modr\u00e9mu sv\u011btlu https:\/\/www.luxbryle.cz\/36-proti-modremu-svetlu! Po jejich no\u0161en\u00ed se v\u00e1m zkvalitn\u00ed sp\u00e1nek a o\u010di u\u017e v\u00e1s nebudou bolet a p\u00e1lit! Tyto speci\u00e1ln\u00ed br\u00fdle jsou ur\u010deny pro v\u0161echny, kte\u0159\u00ed ka\u017ed\u00fd den koukaj\u00ed do obrazovky po\u010d\u00edta\u010de a cht\u011bj\u00ed zlep\u0161it jejich komfort. Nemaj\u00ed \u017e\u00e1dn\u00e9 dioptrie, tak je m\u016f\u017ee nosit skute\u010dn\u011b ka\u017ed\u00fd. Nav\u00edc br\u00fdle p\u0159idaj\u00ed i va\u0161emu image, proto\u017ee jsou velmi elegantn\u00ed a atraktivn\u00ed!                                                                                                                                                                                                                                                                                                                                                                                          4.3\/5 - (6 votes)        "},{"@context":"https:\/\/schema.org\/","@type":"BreadcrumbList","itemListElement":[{"@type":"ListItem","position":1,"name":"I sezen\u00ed u po\u010d\u00edta\u010de m\u016f\u017ee b\u00fdt p\u0159\u00edjemn\u00e9!","item":"https:\/\/www.vinaf.cz\/i-sezeni-u-pocitace-muze-byt-prijemne\/#breadcrumbitem"}]}]