[{"@context":"https:\/\/schema.org\/","@type":"Article","@id":"https:\/\/www.vinaf.cz\/kdyz-si-nesednete-s-kolegy-v-praci\/#Article","mainEntityOfPage":"https:\/\/www.vinaf.cz\/kdyz-si-nesednete-s-kolegy-v-praci\/","headline":"Kdy\u017e si nesednete s kolegy v pr\u00e1ci","name":"Kdy\u017e si nesednete s kolegy v pr\u00e1ci","description":"Pokud si nesednete s\u00a0kolegy v\u00a0pr\u00e1ci, rozhodn\u011b v\u00a0tom nebudete sami. Je mnoho lid\u00ed, kte\u0159\u00ed si se sv\u00fdmi kolegy v\u00a0pr\u00e1ci nesedli, a to hned z\u00a0n\u011bkolika d\u016fvod\u016f. Jist\u011b v\u00edte, \u017ee ne s\u00a0ka\u017ed\u00fdm si m\u016f\u017eete sednout. Ka\u017ed\u00fd \u010dlov\u011bk je v\u00a0ur\u010dit\u00fdch v\u011bcech jin\u00fd a jsou lid\u00e9, kte\u0159\u00ed v\u00e1m prost\u011b z\u00a0n\u011bjak\u00e9ho d\u016fvodu nesednou u\u017e od pohledu. N\u011bkdy je to tak, \u017ee [&hellip;]","datePublished":"2022-12-22","dateModified":"2023-08-23","author":{"@type":"Person","@id":"https:\/\/www.vinaf.cz\/author\/#Person","name":"","url":"https:\/\/www.vinaf.cz\/author\/","identifier":1,"image":{"@type":"ImageObject","@id":"https:\/\/secure.gravatar.com\/avatar\/e0a4ee3123bc6cda06472cb29cefd2abfa18c894e6c63b3d8bc84df8da10f637?s=96&d=mm&r=g","url":"https:\/\/secure.gravatar.com\/avatar\/e0a4ee3123bc6cda06472cb29cefd2abfa18c894e6c63b3d8bc84df8da10f637?s=96&d=mm&r=g","height":96,"width":96}},"publisher":{"@type":"Organization","name":"vinaf.cz","logo":{"@type":"ImageObject","@id":"\/logo.png","url":"\/logo.png","width":600,"height":60}},"image":{"@type":"ImageObject","@id":"https:\/\/www.vinaf.cz\/wp-content\/uploads\/woman-792162_1280_1.jpg","url":"https:\/\/www.vinaf.cz\/wp-content\/uploads\/woman-792162_1280_1.jpg","height":0,"width":0},"url":"https:\/\/www.vinaf.cz\/kdyz-si-nesednete-s-kolegy-v-praci\/","about":["Spole\u010dnost"],"wordCount":451,"articleBody":"Pokud si nesednete s\u00a0kolegy v\u00a0pr\u00e1ci, rozhodn\u011b v\u00a0tom nebudete sami. Je mnoho lid\u00ed, kte\u0159\u00ed si se sv\u00fdmi kolegy v\u00a0pr\u00e1ci nesedli, a to hned z\u00a0n\u011bkolika d\u016fvod\u016f. Jist\u011b v\u00edte, \u017ee ne s\u00a0ka\u017ed\u00fdm si m\u016f\u017eete sednout. Ka\u017ed\u00fd \u010dlov\u011bk je v\u00a0ur\u010dit\u00fdch v\u011bcech jin\u00fd a jsou lid\u00e9, kte\u0159\u00ed v\u00e1m prost\u011b z\u00a0n\u011bjak\u00e9ho d\u016fvodu nesednou u\u017e od pohledu. N\u011bkdy je to tak, \u017ee v\u00e1m kolikr\u00e1t \u010dlov\u011bk m\u016f\u017ee p\u0159ipom\u00ednat n\u011bkoho, koho nem\u00e1te zrovna v\u00a0l\u00e1sce, a pr\u00e1v\u011b proto m\u00e1te s\u00a0dan\u00fdm \u010dlov\u011bkem probl\u00e9m. I n\u011bco takov\u00e9ho m\u016f\u017ee klidn\u011b nastat. Jestli\u017ee si nesednete s\u00a0kolegy, berte to tak, \u017ee s\u00a0nimi mus\u00edte vych\u00e1zet zejm\u00e9na profesn\u011b. Rozhodn\u011b se s\u00a0nimi nemus\u00edte kamar\u00e1dit a n\u011bkam s\u00a0nimi po pr\u00e1ci chodit. Tohle je to hlavn\u00ed. Nikdo v\u00e1s nenut\u00ed, abyste se s\u00a0nimi bavili o jin\u00fdch v\u011bcech ne\u017e o t\u011bch pracovn\u00edch. Pokud se v\u00e1s nap\u0159\u00edklad zeptaj\u00ed na n\u011bco, na co nebudete cht\u00edt odpov\u00eddat, slu\u0161n\u011b jim to vysv\u011btlete. Ur\u010dit\u011b to pochop\u00ed ale je dost mo\u017en\u00e9, \u017ee se nevyhnete tomu, \u017ee k\u00a0v\u00e1m za\u010dnou m\u00edt jin\u00fd p\u0159\u00edstup. Je mo\u017en\u00e9, \u017ee v\u00e1m bude dan\u00fd p\u0159\u00edstup vyhovovat, proto\u017ee kone\u010dn\u011b nebudete muset poslouchat \u0159e\u010di, kter\u00e9 jste nikdy poslouchat ani necht\u011bli. S\u00a0lidmi je to opravdu r\u016fzn\u00e9 a pokud v\u00e1m vad\u00ed poslouchat v\u011bci od druh\u00fdch, kter\u00e9 jsou je\u0161t\u011b nav\u00edc mimopracovn\u00ed, proto\u017ee v\u00e1m nap\u0159\u00edklad vad\u00ed chov\u00e1n\u00ed dan\u00fdch lid\u00ed, bude nejlep\u0161\u00ed si odsednout nebo je poprosit, aby v\u00e1m dan\u00e9 v\u011bci ne\u0159\u00edkali, proto\u017ee v\u00e1s to stejn\u011b nezaj\u00edm\u00e1. V\u017edy nav\u00edc \u010dlov\u011bk m\u016f\u017ee ud\u011blat to, \u017ee zkus\u00ed zm\u011bnit pr\u00e1ci, kde nap\u0159\u00edklad najdete lidi, kte\u0159\u00ed v\u00e1m sednou a se kter\u00fdmi budete r\u00e1di tr\u00e1vit \u010das i mimo pracovn\u00ed dobu. \u010clov\u011bk za sv\u016fj \u017eivot m\u016f\u017ee potkat mnoho lid\u00ed, se kter\u00fdmi si nesedne, ale m\u016f\u017eete potkat i takov\u00e9, se kter\u00fdmi si naopak sednete a budete s\u00a0nimi v\u00edce ne\u017e r\u00e1di tr\u00e1vit \u010das. Dnes je to opravdu o tom, \u017ee \u010dlov\u011bk mus\u00ed hledat, aby na\u0161el m\u00edsto, kde mu to bude vyhovovat nejen po pracovn\u00ed str\u00e1nce, ale i po str\u00e1nce kolegi\u00e1ln\u00ed, pokud mu jde i o to, m\u00edt kolem sebe jen lidi, kte\u0159\u00ed dan\u00e9mu \u010dlov\u011bku sednou.                                                                                                                                                                                                                                                                                                                                                                                        4.9\/5 - (11 votes)        "},{"@context":"https:\/\/schema.org\/","@type":"BreadcrumbList","itemListElement":[{"@type":"ListItem","position":1,"name":"Kdy\u017e si nesednete s kolegy v pr\u00e1ci","item":"https:\/\/www.vinaf.cz\/kdyz-si-nesednete-s-kolegy-v-praci\/#breadcrumbitem"}]}]