[{"@context":"https:\/\/schema.org\/","@type":"Article","@id":"https:\/\/www.vinaf.cz\/konecne-pocitac\/#Article","mainEntityOfPage":"https:\/\/www.vinaf.cz\/konecne-pocitac\/","headline":"Kone\u010dn\u011b po\u010d\u00edta\u010d","name":"Kone\u010dn\u011b po\u010d\u00edta\u010d","description":"Po\u010d\u00edta\u010d jsem m\u011bla, kdy\u017e mi bylo osmn\u00e1ct\u00a0let. \u0158eknu v\u00e1m, \u017ee jsem byla opravdu hodn\u011b nad\u0161en\u00e1. A\u00a0vy si ur\u010dit\u011b mysl\u00edte, \u017ee jsem na po\u010d\u00edta\u010di potom v t\u00e9 dob\u011b byla nonstop, \u017ee jsem sed\u011bla tehdy jako dosp\u00edvaj\u00edc\u00ed jenom na po\u010d\u00edta\u010di a nic jin\u00e9ho u\u017e jsem ned\u011blala. To se ale m\u00fdl\u00edte. J\u00e1 jsem pr\u00e1v\u011b ten po\u010d\u00edta\u010d nem\u011bla ani [&hellip;]","datePublished":"2023-09-20","dateModified":"2024-05-20","author":{"@type":"Person","@id":"https:\/\/www.vinaf.cz\/author\/#Person","name":"","url":"https:\/\/www.vinaf.cz\/author\/","identifier":1,"image":{"@type":"ImageObject","@id":"https:\/\/secure.gravatar.com\/avatar\/e0a4ee3123bc6cda06472cb29cefd2abfa18c894e6c63b3d8bc84df8da10f637?s=96&d=mm&r=g","url":"https:\/\/secure.gravatar.com\/avatar\/e0a4ee3123bc6cda06472cb29cefd2abfa18c894e6c63b3d8bc84df8da10f637?s=96&d=mm&r=g","height":96,"width":96}},"publisher":{"@type":"Organization","name":"vinaf.cz","logo":{"@type":"ImageObject","@id":"\/logo.png","url":"\/logo.png","width":600,"height":60}},"image":{"@type":"ImageObject","@id":"https:\/\/www.vinaf.cz\/wp-content\/uploads\/devops-3148408_1280.jpg","url":"https:\/\/www.vinaf.cz\/wp-content\/uploads\/devops-3148408_1280.jpg","height":0,"width":0},"url":"https:\/\/www.vinaf.cz\/konecne-pocitac\/","about":["IT"],"wordCount":444,"articleBody":"Po\u010d\u00edta\u010d jsem m\u011bla, kdy\u017e mi bylo osmn\u00e1ct\u00a0let. \u0158eknu v\u00e1m, \u017ee jsem byla opravdu hodn\u011b nad\u0161en\u00e1. A\u00a0vy si ur\u010dit\u011b mysl\u00edte, \u017ee jsem na po\u010d\u00edta\u010di potom v t\u00e9 dob\u011b byla nonstop, \u017ee jsem sed\u011bla tehdy jako dosp\u00edvaj\u00edc\u00ed jenom na po\u010d\u00edta\u010di a nic jin\u00e9ho u\u017e jsem ned\u011blala. To se ale m\u00fdl\u00edte. J\u00e1 jsem pr\u00e1v\u011b ten po\u010d\u00edta\u010d nem\u011bla ani r\u00e1da. Nem\u011bla jsem po\u010d\u00edta\u010d, kdy\u017e jsem byla mlad\u00e1. To\u00a0jsem po\u010d\u00edta\u010d nem\u011bla v\u016fbec v oblib\u011b, proto\u017ee t\u00e9m\u011b\u0159 skoro nikdo v okol\u00ed a moje nejlep\u0161\u00ed kamar\u00e1dka ho tak\u00e9 nem\u011bli. Nikdo ho nem\u011bl. Tak\u00a0s k\u00fdm bych si psala?\u00a0Ano, na chatu u\u017e jsem um\u011bla zach\u00e1zet s aplikacemi \u010di smajl\u00edky. M\u011bla jsem tak\u00e9 opravdu popul\u00e1rn\u00ed ICQ, jenom\u017ee jsem si\u00a0tam potom psala jenom s ciz\u00edmi lidmi. V\u00a0okol\u00ed opravdu od n\u00e1s z m\u00fdch p\u0159\u00e1tel nikdo\u00a0po\u010d\u00edta\u010d nem\u011bl. Nato\u017e, aby m\u011bl n\u011bjak\u00e9 aplikace, kter\u00e9 by mohl pou\u017e\u00edvat, abychom si mohli ps\u00e1t. Dost m\u011b to mrzelo a taky m\u011b\u00a0to na\u0161tvalo, proto\u017ee jsem nev\u011bd\u011bla, co m\u00e1m d\u011blat. Tak\u017ee akor\u00e1t, kdy\u017e jsme chodily\u00a0s kamar\u00e1dkou ke mn\u011b dom\u016f, kde jsem j\u00ed ukazovala, co v\u0161echno na po\u010d\u00edta\u010d\u00edch se d\u011bl\u00e1 a co se v\u0161echno t\u00fdk\u00e1 informa\u010dn\u00ed technologie. Kamar\u00e1dka\u00a0v tom\u00a0byla opravdu hodn\u011b pozadu! Ani jsem to ne\u010dekala.\u00a0V\u016fbec jsem nech\u00e1pala, jak se zach\u00e1z\u00ed s informa\u010dn\u00ed technologi\u00ed a podobn\u011b.Tak\u017ee jsem r\u00e1da, kdy\u00a0kolikr\u00e1t m\u011b tak\u00e9 pot\u011b\u0161il fakt, \u017ee j\u00e1 jsem \u0161la za kamar\u00e1dkou a mohla jsem j\u00ed \u0159\u00edct n\u011bco nov\u00e9ho, co v\u0161e nov\u00e9ho\u00a0jsem se nau\u010dila o po\u010d\u00edta\u010di. Kamar\u00e1dka v\u017edycky byla r\u00e1da a potom asi po dvou\u00a0letech moje kamar\u00e1dka \u0159ekla, \u017ee u\u017e tak\u00e9 si budu po\u0159izovat po\u010d\u00edta\u010d, \u017ee j\u00ed ho koup\u00ed rodi\u010de. Tedy, \u017ee j\u00ed p\u016flku p\u0159isp\u011bj\u00ed na po\u010d\u00edta\u010d jej\u00ed rodi\u010de. Tak\u017ee moje kamar\u00e1dka byla r\u00e1da, \u017ee ji nau\u010d\u00edm alespo\u0148 n\u011bkter\u00e9 kousky anebo dovednosti na po\u010d\u00edta\u010di a tak\u00e9 j\u00ed vysv\u011btl\u00edm, co je to informa\u010dn\u00ed technologie.\u00a0Cht\u011bla jsem kamar\u00e1dce opravdu pomoct, tak jsem j\u00ed \u0159ekla a\u00a0vysv\u011btlovala, co by m\u011bla o po\u010d\u00edta\u010di a technologii v\u011bd\u011bt, aby dok\u00e1zala na po\u010d\u00edta\u010di v\u0161e, co bude pot\u0159ebovat.\u00a0                                                                                                                                                                                                                                                                                                                                                                                        4\/5 - (6 votes)        "},{"@context":"https:\/\/schema.org\/","@type":"BreadcrumbList","itemListElement":[{"@type":"ListItem","position":1,"name":"Kone\u010dn\u011b po\u010d\u00edta\u010d","item":"https:\/\/www.vinaf.cz\/konecne-pocitac\/#breadcrumbitem"}]}]