[{"@context":"https:\/\/schema.org\/","@type":"Article","@id":"https:\/\/www.vinaf.cz\/moderator\/#Article","mainEntityOfPage":"https:\/\/www.vinaf.cz\/moderator\/","headline":"Moder\u00e1tor","name":"Moder\u00e1tor","description":"Velk\u00e1 ud\u00e1lost, firemn\u00ed ve\u010d\u00edrek, celove\u010dern\u00ed akce, oslava nebo jak\u00e1koliv jin\u00e1 spole\u010densk\u00e1 nebo pouze rodinn\u00e1 p\u00e1rty se neobejde bez moder\u00e1tora https:\/\/www.vaskouzelnik.cz\/moderator. Moder\u00e1tor zast\u00e1v\u00e1 velmi d\u016fle\u017eitou \u00falohu. Nejenom, \u017ee lidi bav\u00ed, ale tak\u00e9 organizuje ve\u0161ker\u00e9 prob\u00edhaj\u00edc\u00ed d\u011bn\u00ed. Ka\u017ed\u00fd u stolu se hned oto\u010d\u00ed, kdy\u017e za\u010dne mluvit. Ka\u017ed\u00fd poslouch\u00e1, kdy\u017e vykl\u00e1d\u00e1 n\u011bco zaj\u00edmav\u00e9ho, nebo kdy\u017e popisuje, co se [&hellip;]","datePublished":"2018-10-21","dateModified":"2018-10-21","author":{"@type":"Person","@id":"https:\/\/www.vinaf.cz\/author\/#Person","name":"","url":"https:\/\/www.vinaf.cz\/author\/","identifier":1,"image":{"@type":"ImageObject","@id":"https:\/\/secure.gravatar.com\/avatar\/e0a4ee3123bc6cda06472cb29cefd2abfa18c894e6c63b3d8bc84df8da10f637?s=96&d=mm&r=g","url":"https:\/\/secure.gravatar.com\/avatar\/e0a4ee3123bc6cda06472cb29cefd2abfa18c894e6c63b3d8bc84df8da10f637?s=96&d=mm&r=g","height":96,"width":96}},"publisher":{"@type":"Organization","name":"vinaf.cz","logo":{"@type":"ImageObject","@id":"\/logo.png","url":"\/logo.png","width":600,"height":60}},"image":{"@type":"ImageObject","@id":"https:\/\/www.vinaf.cz\/wp-content\/uploads\/img_a327579_w1693_t1539856883.jpg","url":"https:\/\/www.vinaf.cz\/wp-content\/uploads\/img_a327579_w1693_t1539856883.jpg","height":0,"width":0},"url":"https:\/\/www.vinaf.cz\/moderator\/","wordCount":378,"articleBody":"       Velk\u00e1 ud\u00e1lost, firemn\u00ed ve\u010d\u00edrek, celove\u010dern\u00ed akce, oslava nebo jak\u00e1koliv jin\u00e1 spole\u010densk\u00e1 nebo pouze rodinn\u00e1 p\u00e1rty se neobejde bez moder\u00e1tora https:\/\/www.vaskouzelnik.cz\/moderator. Moder\u00e1tor zast\u00e1v\u00e1 velmi d\u016fle\u017eitou \u00falohu. Nejenom, \u017ee lidi bav\u00ed, ale tak\u00e9 organizuje ve\u0161ker\u00e9 prob\u00edhaj\u00edc\u00ed d\u011bn\u00ed. Ka\u017ed\u00fd u stolu se hned oto\u010d\u00ed, kdy\u017e za\u010dne mluvit. Ka\u017ed\u00fd poslouch\u00e1, kdy\u017e vykl\u00e1d\u00e1 n\u011bco zaj\u00edmav\u00e9ho, nebo kdy\u017e popisuje, co se v n\u00e1sleduj\u00edc\u00edch minut\u00e1ch bude odehr\u00e1vat. Pln\u00ed velice podstatnou \u00falohu a proto mus\u00ed b\u00fdt zku\u0161en\u00fd a tak\u00e9 v t\u00e9to oblasti otrkan\u00fd. Jenom tak bude cel\u00e1 akce prob\u00edhat plynule, bez z\u00e1drhel\u016f a bez jin\u00fdch komplikac\u00ed. Mus\u00ed tak\u00e9 okam\u017eit\u011b v\u011bd\u011bt, co m\u00e1 \u0159\u00edct a jak to m\u00e1 \u0159\u00edct a pr\u00e1v\u011b zku\u0161enosti si v t\u00e9to oblasti velice cen\u00edme.Pro jak\u00e9 akce se hod\u00ed pr\u00e1v\u011b znalosti a v\u011bdomosti moder\u00e1tora?  Ka\u017ed\u00fd, kdo chce moderovat n\u011bjakou akci, mus\u00ed nejprve na\u010derpat dostate\u010dnou praxi. Jedin\u011b tak si vytvo\u0159\u00ed sv\u00e9 osobit\u00e9 kouzlo a stane se p\u0159\u00edjemnou a z\u00e1bavnou osobou, kter\u00e1 v\u00e1s bude prov\u00e1zet cel\u00fdm odpolednem \u010di ve\u010derem. Jak\u00e9 akce se daj\u00ed touto formou napl\u00e1novat?1. Velk\u00e9 rodinn\u00e9 oslavy.2. Firemn\u00ed ve\u010d\u00edrky (a\u0165 u\u017e ve firm\u011b, nebo kdekoliv jinde).3. Spole\u010densk\u00e9 ud\u00e1losti. 4. Plesy, tane\u010dn\u00ed sout\u011b\u017ee a mnoho dal\u0161\u00edho.5. Diskot\u00e9ky a akce pro mlad\u00e9. 6. Maturitn\u00ed plesy. 7. D\u011btsk\u00e9 akce a venkovn\u00ed akce.8. Zahradn\u00ed slavnosti. 9. M\u011bstsk\u00e9 slavnosti. 10. Celove\u010dern\u00ed po\u0159ady. 11. D\u011btsk\u00e9 dny, \u0161koln\u00ed oslavy a jin\u00e9 v\u00fdznamn\u00e9 ud\u00e1losti.12. Sportovn\u00ed ud\u00e1losti. Akce r\u016fzn\u00e9ho druhu Je va\u0161im \u00fakolem zorganizovat n\u011bjakou akci? M\u011blo by se jednat o firemn\u00ed ve\u010d\u00edrek, ples, nebo d\u011btsk\u00fd den? V tom p\u0159\u00edpad\u011b budete pot\u0159ebovat skv\u011bl\u00e9ho \u0159e\u010dn\u00edka, kter\u00fd v\u00e1s bude prov\u00e1zet cel\u00fdm programem a cel\u00fdm dnem nebo ve\u010derem. Pr\u00e1v\u011b to je \u00faloha moder\u00e1tora. Nezvl\u00e1dne to v\u0161ak ka\u017ed\u00fd, tak\u017ee to chce opravdov\u00e9ho profesion\u00e1la. Uv\u00e1d\u011bn\u00ed, komentov\u00e1n\u00ed, baven\u00ed a organizov\u00e1n\u00ed, to v\u0161e zvl\u00e1dne zku\u0161en\u00fd profesion\u00e1l.                                                                                                                                                                                                                                                                                                                                                                                          4.4\/5 - (5 votes)        "},{"@context":"https:\/\/schema.org\/","@type":"BreadcrumbList","itemListElement":[{"@type":"ListItem","position":1,"name":"Moder\u00e1tor","item":"https:\/\/www.vinaf.cz\/moderator\/#breadcrumbitem"}]}]