[{"@context":"https:\/\/schema.org\/","@type":"Article","@id":"https:\/\/www.vinaf.cz\/prekvapilo-vas-to\/#Article","mainEntityOfPage":"https:\/\/www.vinaf.cz\/prekvapilo-vas-to\/","headline":"P\u0159ekvapilo v\u00e1s to","name":"P\u0159ekvapilo v\u00e1s to","description":"Dozv\u011bd\u011bla jste se to \u00faplnou n\u00e1hodou a byla jste t\u00edm zji\u0161t\u011bn\u00edm tak zasko\u010den\u00e1, \u017ee jste nev\u011bd\u011bla, co m\u00e1te d\u011blat. I kdy\u017e zp\u011btn\u011b si \u0159\u00edk\u00e1te, \u017ee jste n\u011bco takov\u00e9ho tu\u0161it mohla, nebo\u0165 se sv\u00fdm p\u0159\u00edtelem u\u017e jste byli pohromad\u011b n\u011bkolik let a nutno \u0159\u00edct, \u017ee ta l\u00e9ta byla veskrze \u0161\u0165astn\u00e1. Ale vlastn\u011b by bylo b\u00fdvalo mnohem [&hellip;]","datePublished":"2024-10-31","dateModified":"2024-10-31","author":{"@type":"Person","@id":"https:\/\/www.vinaf.cz\/author\/#Person","name":"","url":"https:\/\/www.vinaf.cz\/author\/","identifier":1,"image":{"@type":"ImageObject","@id":"https:\/\/secure.gravatar.com\/avatar\/e0a4ee3123bc6cda06472cb29cefd2abfa18c894e6c63b3d8bc84df8da10f637?s=96&d=mm&r=g","url":"https:\/\/secure.gravatar.com\/avatar\/e0a4ee3123bc6cda06472cb29cefd2abfa18c894e6c63b3d8bc84df8da10f637?s=96&d=mm&r=g","height":96,"width":96}},"publisher":{"@type":"Organization","name":"vinaf.cz","logo":{"@type":"ImageObject","@id":"\/logo.png","url":"\/logo.png","width":600,"height":60}},"url":"https:\/\/www.vinaf.cz\/prekvapilo-vas-to\/","wordCount":300,"articleBody":"\tDozv\u011bd\u011bla jste se to \u00faplnou n\u00e1hodou a byla jste t\u00edm zji\u0161t\u011bn\u00edm tak zasko\u010den\u00e1, \u017ee jste nev\u011bd\u011bla, co m\u00e1te d\u011blat. I kdy\u017e zp\u011btn\u011b si \u0159\u00edk\u00e1te, \u017ee jste n\u011bco takov\u00e9ho tu\u0161it mohla, nebo\u0165 se sv\u00fdm p\u0159\u00edtelem u\u017e jste byli pohromad\u011b n\u011bkolik let a nutno \u0159\u00edct, \u017ee ta l\u00e9ta byla veskrze \u0161\u0165astn\u00e1. Ale vlastn\u011b by bylo b\u00fdvalo mnohem l\u00e9pe, kdybyste se o tom pl\u00e1nu rad\u011bji nedozv\u011bd\u011bla, proto\u017ee jste najednou z\u00edskala pocit, \u017ee v\u00edte n\u011bco nepat\u0159i\u010dn\u00e9ho, n\u011bco tajn\u00e9ho, co byste vlastn\u011b ani v\u011bd\u011bt nem\u011bla a b\u00e1la jste se, \u017ee kdy\u017e d\u00e1te jakkoli najevo, co jste se dozv\u011bd\u011bla, \u017ee to cel\u00e9 zkaz\u00edte.\tNev\u011bd\u011bla jste, co m\u00e1te d\u011blatJen\u017ee z\u00e1rove\u0148 ve v\u00e1s hlodala pochybnost o tom, zda je spr\u00e1vn\u00e9, abyste se tv\u00e1\u0159ila jako by nic, proto\u017ee se m\u016f\u017ee st\u00e1t i to, \u017ee se v\u00e1\u0161 p\u0159\u00edtel dozv\u00ed o tom, \u017ee o jeho pl\u00e1nu na to po\u017e\u00e1dat v\u00e1s o ruku n\u011bco v\u00edte. A pak by mohlo p\u016fsobit nanejv\u00fd\u0161 trapn\u011b, \u017ee byste jen \u010dekala, jak\u00fd od n\u011bj dostanete z\u00e1snubn\u00ed prsten a sama pro n\u011bj nem\u011bla \u017e\u00e1dn\u00fd d\u00e1rek. Prost\u011b hlavou v\u00e1m svi\u0161t\u011blo tis\u00edce ot\u00e1zek v\u010detn\u011b t\u00e9, zda nebylo z\u00e1m\u011brem v\u00e1m d\u00e1t o cel\u00e9 v\u011bci v\u011bd\u011bt. Z\u00a0tohoto d\u016fvodu jste se vypravila do hodin\u00e1\u0159stv\u00ed Ostrava a koupila jste tam va\u0161emu p\u0159\u00edteli kr\u00e1sn\u00e9 p\u00e1nsk\u00e9 n\u00e1ramkov\u00e9 hodinky jako d\u00e1rek na opl\u00e1tku.                                                                                                                                                                                                                                                                                                                                                                                        4.3\/5 - (3 votes)        "},{"@context":"https:\/\/schema.org\/","@type":"BreadcrumbList","itemListElement":[{"@type":"ListItem","position":1,"name":"P\u0159ekvapilo v\u00e1s to","item":"https:\/\/www.vinaf.cz\/prekvapilo-vas-to\/#breadcrumbitem"}]}]