[{"@context":"https:\/\/schema.org\/","@type":"Article","@id":"https:\/\/www.vinaf.cz\/pronajimame-si-pojizdne-leseni-na-nater-fasady\/#Article","mainEntityOfPage":"https:\/\/www.vinaf.cz\/pronajimame-si-pojizdne-leseni-na-nater-fasady\/","headline":"Pronaj\u00edm\u00e1me si poj\u00edzdn\u00e9 le\u0161en\u00ed na n\u00e1t\u011br fas\u00e1dy","name":"Pronaj\u00edm\u00e1me si poj\u00edzdn\u00e9 le\u0161en\u00ed na n\u00e1t\u011br fas\u00e1dy","description":"\u0158\u00edk\u00e1 v\u00e1m n\u011bco jm\u00e9no \u201eLidice\u201c? Tato obec byla nacisty srovn\u00e1na se zem\u00ed, mu\u017ei byli popraveni, v\u011bt\u0161ina d\u011bt\u00ed zahynula v plynov\u00fdch komor\u00e1ch a p\u0159e\u017eilo jen n\u011bkolik d\u011bt\u00ed a lidick\u00fdch \u017een. Tato trag\u00e9die ale s sebou nesla poselstv\u00ed, kter\u00e9 mnoho lid\u00ed na sv\u011bt\u011b utvrdilo v p\u0159esv\u011bd\u010den\u00ed, \u017ee se nic takov\u00e9ho nesm\u00ed opakovat, a \u017ee je t\u0159eba fa\u0161ismu [&hellip;]","datePublished":"2024-11-13","dateModified":"2024-11-13","author":{"@type":"Person","@id":"https:\/\/www.vinaf.cz\/author\/#Person","name":"","url":"https:\/\/www.vinaf.cz\/author\/","identifier":1,"image":{"@type":"ImageObject","@id":"https:\/\/secure.gravatar.com\/avatar\/e0a4ee3123bc6cda06472cb29cefd2abfa18c894e6c63b3d8bc84df8da10f637?s=96&d=mm&r=g","url":"https:\/\/secure.gravatar.com\/avatar\/e0a4ee3123bc6cda06472cb29cefd2abfa18c894e6c63b3d8bc84df8da10f637?s=96&d=mm&r=g","height":96,"width":96}},"publisher":{"@type":"Organization","name":"vinaf.cz","logo":{"@type":"ImageObject","@id":"\/logo.png","url":"\/logo.png","width":600,"height":60}},"image":{"@type":"ImageObject","@id":"https:\/\/www.vinaf.cz\/wp-content\/uploads\/scaffold-2675997_640_6.jpg","url":"https:\/\/www.vinaf.cz\/wp-content\/uploads\/scaffold-2675997_640_6.jpg","height":0,"width":0},"url":"https:\/\/www.vinaf.cz\/pronajimame-si-pojizdne-leseni-na-nater-fasady\/","about":["Firmy"],"wordCount":412,"articleBody":"       \u0158\u00edk\u00e1 v\u00e1m n\u011bco jm\u00e9no \u201eLidice\u201c? Tato obec byla nacisty srovn\u00e1na se zem\u00ed, mu\u017ei byli popraveni, v\u011bt\u0161ina d\u011bt\u00ed zahynula v plynov\u00fdch komor\u00e1ch a p\u0159e\u017eilo jen n\u011bkolik d\u011bt\u00ed a lidick\u00fdch \u017een. Tato trag\u00e9die ale s sebou nesla poselstv\u00ed, kter\u00e9 mnoho lid\u00ed na sv\u011bt\u011b utvrdilo v p\u0159esv\u011bd\u010den\u00ed, \u017ee se nic takov\u00e9ho nesm\u00ed opakovat, a \u017ee je t\u0159eba fa\u0161ismu vzdorovat v\u0161\u00ed silou. Pr\u00e1v\u011b proto se kr\u00e1tce po v\u00e1lce rozhodlo o v\u00fdstavb\u011b nov\u00fdch Lidic, vzd\u00e1len\u00fdch nedaleko od p\u016fvodn\u00ed obce jen p\u00e1r stovek metr\u016f. Domy stav\u011bla \u0159ada nad\u0161enc\u016f, mezi nimi i studenti, a v\u00fdsledek se skute\u010dn\u011b povedl \u2013 objekty byly na svou dobu nad\u010dasov\u00e9 a i dnes je to jedna z nej\u017e\u00e1dan\u011bj\u0161\u00edch lokalit k bydlen\u00ed v okol\u00ed Prahy. Ka\u017ed\u00fd d\u016fm byl opat\u0159en zvl\u00e1\u0161tn\u00ed unik\u00e1tn\u00ed fas\u00e1dou \u2013 \u0161lo o fas\u00e1dn\u00ed pot\u011br s drobn\u00fdmi k\u0159emenn\u00fdmi valounky, kter\u00e9 ve fas\u00e1d\u011b vytvo\u0159ily typick\u00e9 r\u00fdhy. Tato fas\u00e1da u n\u011bkter\u00fdch dom\u016f p\u0159e\u017eila dodnes a n\u011bkte\u0159\u00ed majitel\u00e9 objekt\u016f se rozhodli domy nezateplovat polystyrenem a ponechat fas\u00e1du v p\u016fvodn\u00ed podob\u011b jako\u017eto pam\u00e1tku na p\u016fvodn\u00ed stavebn\u00ed technologii, podobn\u011b, jako tento trend technick\u00fdch pam\u00e1tek udr\u017euj\u00ed majitel\u00e9 automobilov\u00fdch veter\u00e1n\u016f. Co je v\u0161ak z\u00e1sadn\u00ed, je udr\u017eet om\u00edtku v dobr\u00e9m stavu, a k tomu je zapot\u0159eb\u00ed ji penetrovat, p\u0159\u00edpadn\u011b opat\u0159it fas\u00e1dn\u00ed barvou. Zde se pak vyplat\u00ed pron\u00e1jem poj\u00edzdn\u00e9ho le\u0161en\u00ed, m\u016f\u017eete to samoz\u0159ejm\u011b prov\u00e1d\u011bt ze \u017eeb\u0159\u00edku \u010di ze \u0161tafl\u00ed, ale tyto domy jsou pom\u011brn\u011b vysok\u00e9 a p\u00e1d ze \u017eeb\u0159\u00edku z v\u00fd\u0161ky p\u011bti metr\u016f by byl opravdu nebezpe\u010dn\u00fd a mo\u017en\u00e1 i smrteln\u00fd, nav\u00edc je pr\u00e1ce ze \u017eeb\u0159\u00edku vysloven\u011b nepohodln\u00e1. Mnohem p\u0159ijateln\u011bj\u0161\u00ed je m\u00edt k dispozici le\u0161en\u00ed z p\u016fj\u010dovny poj\u00edzdn\u00e9ho le\u0161en\u00ed Rabas le\u0161en\u00ed, toto \u0159e\u0161en\u00ed je bezpe\u010dn\u00e9, le\u0161en\u00ed je stabiln\u00ed (pokud jej dob\u0159e zajist\u00edte) a m\u016f\u017eete pohodln\u011b pracovat i ve v\u011bt\u0161\u00edch v\u00fd\u0161k\u00e1ch \u2013 v ide\u00e1ln\u00edm p\u0159\u00edpad\u011b alespo\u0148 ve dvou, kdy jeden druh\u00e9ho na le\u0161en\u00ed jist\u00ed a dohl\u00ed\u017e\u00ed na bezpe\u010dnost pr\u00e1ce.                                                                                                                                                                                                                                                                                                                                                                                           4.3\/5 - (6 votes)        "},{"@context":"https:\/\/schema.org\/","@type":"BreadcrumbList","itemListElement":[{"@type":"ListItem","position":1,"name":"Pronaj\u00edm\u00e1me si poj\u00edzdn\u00e9 le\u0161en\u00ed na n\u00e1t\u011br fas\u00e1dy","item":"https:\/\/www.vinaf.cz\/pronajimame-si-pojizdne-leseni-na-nater-fasady\/#breadcrumbitem"}]}]