[{"@context":"https:\/\/schema.org\/","@type":"Article","@id":"https:\/\/www.vinaf.cz\/rano-ktere-si-uzijete\/#Article","mainEntityOfPage":"https:\/\/www.vinaf.cz\/rano-ktere-si-uzijete\/","headline":"R\u00e1no, kter\u00e9 si u\u017eijete","name":"R\u00e1no, kter\u00e9 si u\u017eijete","description":"Zn\u00e1me to v\u0161ichni. N\u011bkter\u00e9 r\u00e1no se tak n\u011bjak nepovede. Vstaneme pozd\u011bji, ne\u017e jsme m\u011bli v \u00famyslu, a\u0165 ji\u017e proto, \u017ee jsme vst\u00e1v\u00e1n\u00ed p\u0159\u00edli\u0161 dlouho odkl\u00e1dali \u010di prost\u011b proto, \u017ee jsme jednodu\u0161e zaspali. A pak? Pak se v\u0161e ji\u017e jen nabaluje. Rann\u00ed \u010dinnosti vykon\u00e1me v chvatu, p\u0159i\u010dem\u017e \u0159adu z nich mus\u00edme vynechat. Tak\u00e9 se V\u00e1m to [&hellip;]","datePublished":"2023-07-07","dateModified":"2023-07-07","author":{"@type":"Person","@id":"https:\/\/www.vinaf.cz\/author\/#Person","name":"","url":"https:\/\/www.vinaf.cz\/author\/","identifier":1,"image":{"@type":"ImageObject","@id":"https:\/\/secure.gravatar.com\/avatar\/e0a4ee3123bc6cda06472cb29cefd2abfa18c894e6c63b3d8bc84df8da10f637?s=96&d=mm&r=g","url":"https:\/\/secure.gravatar.com\/avatar\/e0a4ee3123bc6cda06472cb29cefd2abfa18c894e6c63b3d8bc84df8da10f637?s=96&d=mm&r=g","height":96,"width":96}},"publisher":{"@type":"Organization","name":"vinaf.cz","logo":{"@type":"ImageObject","@id":"\/logo.png","url":"\/logo.png","width":600,"height":60}},"url":"https:\/\/www.vinaf.cz\/rano-ktere-si-uzijete\/","wordCount":239,"articleBody":"Zn\u00e1me to v\u0161ichni. N\u011bkter\u00e9 r\u00e1no se tak n\u011bjak nepovede. Vstaneme pozd\u011bji, ne\u017e jsme m\u011bli v \u00famyslu, a\u0165 ji\u017e proto, \u017ee jsme vst\u00e1v\u00e1n\u00ed p\u0159\u00edli\u0161 dlouho odkl\u00e1dali \u010di prost\u011b proto, \u017ee jsme jednodu\u0161e zaspali. A pak? Pak se v\u0161e ji\u017e jen nabaluje. Rann\u00ed \u010dinnosti vykon\u00e1me v chvatu, p\u0159i\u010dem\u017e \u0159adu z nich mus\u00edme vynechat. Tak\u00e9 se V\u00e1m to st\u00e1v\u00e1? S takov\u00fdm r\u00e1nem si sv\u016fj den jen st\u011b\u017e\u00ed vychutn\u00e1me, dech nabereme, jestli v\u016fbec, a\u017e kolem poledn\u00edho. V\u00edte co? Zkuste to docela jinak. Zkuste si doslova naordinovat pohodov\u00e9 r\u00e1no, kter\u00e9 V\u00e1m umo\u017en\u00ed p\u0159\u00edjemn\u011b pro\u017e\u00edt cel\u00fd den.V\u016fn\u011b, kterou milujemeA jak vypad\u00e1 takov\u00e9 r\u00e1no, kter\u00e9 si u\u017e\u00edv\u00e1me, i kdy\u017e n\u00e1s \u010dek\u00e1 n\u00e1ro\u010dn\u00fd pracovn\u00ed den? Podm\u00ednkou je v\u010das vst\u00e1t, jen tak budeme m\u00edt dostatek \u010dasu na sv\u00e9 rann\u00ed ritu\u00e1ly. Rann\u00ed sprcha, mo\u017en\u00e1 i cvi\u010den\u00ed. A pak? Pak si ji\u017e m\u016f\u017eeme vychutn\u00e1vat lahodn\u00e9 dou\u0161ky a b\u00e1je\u010dn\u00e9 aroma sv\u00e9 milovan\u00e9 rann\u00ed k\u00e1vy. Nezapome\u0148me si na ni nachystat sv\u00e9 obl\u00edben\u00e9 hrnky na k\u00e1vu, jen tak si svou rann\u00ed d\u00e1vku vo\u0148av\u00e9 energie skute\u010dn\u011b vychutn\u00e1me. V\u011bzte, \u017ee po \u0161\u00e1lku vo\u0148av\u00e9 arabicy V\u00e1m n\u00e1ladu ji\u017e nic nezkaz\u00ed.                                                                                                                                                                                                                                                                                                                                                                                        4.1\/5 - (9 votes)        "},{"@context":"https:\/\/schema.org\/","@type":"BreadcrumbList","itemListElement":[{"@type":"ListItem","position":1,"name":"R\u00e1no, kter\u00e9 si u\u017eijete","item":"https:\/\/www.vinaf.cz\/rano-ktere-si-uzijete\/#breadcrumbitem"}]}]