[{"@context":"https:\/\/schema.org\/","@type":"Article","@id":"https:\/\/www.vinaf.cz\/sluzebni-cesta\/#Article","mainEntityOfPage":"https:\/\/www.vinaf.cz\/sluzebni-cesta\/","headline":"Slu\u017eebn\u00ed cesta","name":"Slu\u017eebn\u00ed cesta","description":"V\u00edte, \u017ee do Va\u0161\u00ed firmy p\u0159ijede zahrani\u010dn\u00ed kolega, kter\u00fd bude u V\u00e1s do\u010dasn\u011b pracovat d\u00e9le ne\u017e m\u011bs\u00edc? Dostali jste od \u0161\u00e9fa na starosti zajistit mu ubytov\u00e1n\u00ed, ide\u00e1ln\u011b lokalita Praha 8? Nel\u00e1mejte si s t\u00edm ji\u017e d\u00e1l hlavu, je zde p\u0159ece Golem. Tento hotel Prahaje perfektn\u00edm \u0159e\u0161en\u00edm pro kr\u00e1tkodob\u00e9 i dlouhodob\u011bj\u0161\u00ed ubytov\u00e1n\u00ed, pokud se jedn\u00e1 o [&hellip;]","datePublished":"2024-10-21","dateModified":"2024-10-21","author":{"@type":"Person","@id":"https:\/\/www.vinaf.cz\/author\/#Person","name":"","url":"https:\/\/www.vinaf.cz\/author\/","identifier":1,"image":{"@type":"ImageObject","@id":"https:\/\/secure.gravatar.com\/avatar\/e0a4ee3123bc6cda06472cb29cefd2abfa18c894e6c63b3d8bc84df8da10f637?s=96&d=mm&r=g","url":"https:\/\/secure.gravatar.com\/avatar\/e0a4ee3123bc6cda06472cb29cefd2abfa18c894e6c63b3d8bc84df8da10f637?s=96&d=mm&r=g","height":96,"width":96}},"publisher":{"@type":"Organization","name":"vinaf.cz","logo":{"@type":"ImageObject","@id":"\/logo.png","url":"\/logo.png","width":600,"height":60}},"url":"https:\/\/www.vinaf.cz\/sluzebni-cesta\/","wordCount":233,"articleBody":"V\u00edte, \u017ee do Va\u0161\u00ed firmy p\u0159ijede zahrani\u010dn\u00ed kolega, kter\u00fd bude u V\u00e1s do\u010dasn\u011b pracovat d\u00e9le ne\u017e m\u011bs\u00edc? Dostali jste od \u0161\u00e9fa na starosti zajistit mu ubytov\u00e1n\u00ed, ide\u00e1ln\u011b lokalita Praha 8? Nel\u00e1mejte si s t\u00edm ji\u017e d\u00e1l hlavu, je zde p\u0159ece Golem. Tento hotel Prahaje perfektn\u00edm \u0159e\u0161en\u00edm pro kr\u00e1tkodob\u00e9 i dlouhodob\u011bj\u0161\u00ed ubytov\u00e1n\u00ed, pokud se jedn\u00e1 o v\u00edce ne\u017e 30 noc\u00ed, nab\u00edz\u00edme individu\u00e1ln\u00ed \u0159e\u0161en\u00ed a cenu, kontaktujte n\u00e1s tedy na na\u0161i e-mailovou adresu, abychom dohodli podrobnosti. Jist\u011b najdeme \u0159e\u0161en\u00ed, kter\u00e9 se V\u00e1m a hlavn\u011b veden\u00ed Va\u0161\u00ed firmy bude l\u00edbit.\tA pro\u010d pr\u00e1v\u011b k n\u00e1m?Pro\u010d pr\u00e1v\u011b k n\u00e1m, to je ot\u00e1zka, na kterou se nab\u00edz\u00ed nespo\u010det odpov\u011bd\u00ed. Uve\u010fme alespo\u0148 p\u00e1r z nich. Golem je v n\u00e1dhern\u00e9m prost\u0159ed\u00ed okraje Prahy, v B\u0159ezin\u011bvsi. Tud\u00ed\u017e, pokud host preferuje klid a n\u00e1dhern\u00e9 p\u0159\u00edrodn\u00ed prost\u0159ed\u00ed, spokojenost zaru\u010dena. Navzdory tomuto klidu je velice snadn\u00e1 dopravn\u00ed obsluha, dostanete se k n\u00e1m perfektn\u011b vozem \u010di m\u011bstskou hromadnou dopravou. A na\u0161e prost\u0159ed\u00ed a atmosf\u00e9ru si zamiluje snad ka\u017ed\u00fd, v dne\u0161n\u00ed technick\u00e9 a hektick\u00e9 dob\u011b je vl\u00eddn\u00e9 zach\u00e1zen\u00ed a laskav\u00fd p\u0159\u00edstup p\u0159\u00edjemn\u00fdm pohlazen\u00edm.                                                                                                                                                                                                                                                                                                                                                                                        3.8\/5 - (5 votes)        "},{"@context":"https:\/\/schema.org\/","@type":"BreadcrumbList","itemListElement":[{"@type":"ListItem","position":1,"name":"Slu\u017eebn\u00ed cesta","item":"https:\/\/www.vinaf.cz\/sluzebni-cesta\/#breadcrumbitem"}]}]