[{"@context":"https:\/\/schema.org\/","@type":"Article","@id":"https:\/\/www.vinaf.cz\/spolecnost-v-praci\/#Article","mainEntityOfPage":"https:\/\/www.vinaf.cz\/spolecnost-v-praci\/","headline":"Spole\u010dnost v pr\u00e1ci","name":"Spole\u010dnost v pr\u00e1ci","description":"Pokud m\u016f\u017ee b\u00fdt n\u011bco probl\u00e9m, pak je to to, kdy\u017e v\u00e1m nesednou lid\u00e9 v\u00a0pr\u00e1ci. Pokud se cel\u00fd den s\u00a0nik\u00fdm nebav\u00edte, pak je jasn\u00e9, \u017ee to \u010dlov\u011bka m\u016f\u017ee ur\u010dit\u00fdm zp\u016fsobem ub\u00edjet. Ka\u017ed\u00fd \u010dlov\u011bk pot\u0159ebuje s\u00a0n\u011bk\u00fdm komunikovat a pokud je to v\u00a0pr\u00e1ci tak, \u017ee se s\u00a0v\u00e1mi nikdo nebav\u00ed, a to krom\u011b toho, kdy\u017e je pot\u0159eba vy\u0159e\u0161it n\u011bco, [&hellip;]","datePublished":"2023-01-22","dateModified":"2023-01-22","author":{"@type":"Person","@id":"https:\/\/www.vinaf.cz\/author\/#Person","name":"","url":"https:\/\/www.vinaf.cz\/author\/","identifier":1,"image":{"@type":"ImageObject","@id":"https:\/\/secure.gravatar.com\/avatar\/e0a4ee3123bc6cda06472cb29cefd2abfa18c894e6c63b3d8bc84df8da10f637?s=96&d=mm&r=g","url":"https:\/\/secure.gravatar.com\/avatar\/e0a4ee3123bc6cda06472cb29cefd2abfa18c894e6c63b3d8bc84df8da10f637?s=96&d=mm&r=g","height":96,"width":96}},"publisher":{"@type":"Organization","name":"vinaf.cz","logo":{"@type":"ImageObject","@id":"\/logo.png","url":"\/logo.png","width":600,"height":60}},"image":{"@type":"ImageObject","@id":"https:\/\/www.vinaf.cz\/wp-content\/uploads\/office-620817_1280.jpg","url":"https:\/\/www.vinaf.cz\/wp-content\/uploads\/office-620817_1280.jpg","height":0,"width":0},"url":"https:\/\/www.vinaf.cz\/spolecnost-v-praci\/","about":["Spole\u010dnost"],"wordCount":478,"articleBody":"Pokud m\u016f\u017ee b\u00fdt n\u011bco probl\u00e9m, pak je to to, kdy\u017e v\u00e1m nesednou lid\u00e9 v\u00a0pr\u00e1ci. Pokud se cel\u00fd den s\u00a0nik\u00fdm nebav\u00edte, pak je jasn\u00e9, \u017ee to \u010dlov\u011bka m\u016f\u017ee ur\u010dit\u00fdm zp\u016fsobem ub\u00edjet. Ka\u017ed\u00fd \u010dlov\u011bk pot\u0159ebuje s\u00a0n\u011bk\u00fdm komunikovat a pokud je to v\u00a0pr\u00e1ci tak, \u017ee se s\u00a0v\u00e1mi nikdo nebav\u00ed, a to krom\u011b toho, kdy\u017e je pot\u0159eba vy\u0159e\u0161it n\u011bco, co se t\u00fdk\u00e1 pr\u00e1ce, ide\u00e1ln\u00ed to rozhodn\u011b nen\u00ed. Pokud \u010dlov\u011bk pracuje ve velk\u00e9 firm\u011b, v\u017edy se najde n\u011bkdo, s\u00a0k\u00fdm si \u010dlov\u011bk alespo\u0148 u k\u00e1vy na chv\u00edli popov\u00edd\u00e1, ale pokud d\u011bl\u00e1te v\u00a0mal\u00e9 firm\u011b a s\u00a0nik\u00fdm si nerozum\u00edte, nebo jste si rozum\u011bli, ale n\u011bco se muselo st\u00e1t, jeliko\u017e se te\u010f na v\u00e1s v\u0161ichni d\u00edvaj\u00ed jinak a nikdo se s\u00a0v\u00e1mi nebav\u00ed, pak to m\u016f\u017ee b\u00fdt probl\u00e9m.Jestli\u017ee firma nav\u00edc nem\u00edv\u00e1 teambuildingy, m\u016f\u017ee to b\u00fdt je\u0161t\u011b hor\u0161\u00ed. V\u011b\u0159te, \u017ee opravdu takov\u00fd \u010dlov\u011bk nebude ve firm\u011b spokojen\u00fd, proto\u017ee pokud zde opravdu nen\u00ed nikdo, s\u00a0k\u00fdm by mohl prohodit p\u00e1r slov, ur\u010dit\u011b to nebude firma dle p\u0159edstav. Bohu\u017eel kolektiv d\u011bl\u00e1 hodn\u011b. Mnoho lid\u00ed to v\u00a0takov\u00e9 firm\u011b n\u011bjakou dobu vydr\u017e\u00ed, pokud se zam\u011b\u0159\u00ed jen na profesn\u00ed hledisko, ale pokud \u010dlov\u011bk pot\u0159ebuje, aby v\u00a0dan\u00e9 pr\u00e1ci byl n\u011bkdo, za k\u00fdm by dan\u00fd \u010dlov\u011bk mohl zaj\u00edt a p\u0159\u00edpadn\u011b se alespo\u0148 na chv\u00edli pobavit, d\u00edky \u010demu\u017e dan\u00fd \u010dlov\u011bk p\u0159ijde na jin\u00e9 my\u0161lenky, pak je jasn\u00e9, \u017ee se bude d\u00edvat po jin\u00e9 firm\u011b.Po takov\u00e9, kde nebude probl\u00e9m, aby se dan\u00fd \u010dlov\u011bk s\u00a0n\u011bk\u00fdm pobavil a n\u011bkdo se pobavil s\u00a0n\u00edm. N\u011bco takov\u00e9ho je velk\u00e9 riziko zejm\u00e9na mal\u00fdch firem. Pr\u00e1v\u011b zde \u010dlov\u011bk nemus\u00ed narazit na lidi, kter\u00e9 by dan\u00e9mu \u010dlov\u011bku vyhovovali. Ve velk\u00fdch firm\u00e1ch m\u00e1te v\u011bt\u0161\u00ed \u0161anci, \u017ee si najdete n\u011bkoho, s\u00a0k\u00fdm si budete rozum\u011bt a s\u00a0k\u00fdm si jednou za \u010das vypijete dobrou k\u00e1vu, p\u0159i kter\u00e9 se pobav\u00edte tak\u00e9 o n\u011b\u010dem jin\u00e9m ne\u017e jen o pr\u00e1ci. Jestli\u017ee nen\u00ed ve va\u0161\u00ed pr\u00e1ci takov\u00fd kolektiv, jak\u00fd byste ocenili, bylo by dobr\u00e9 pod\u00edvat se po jin\u00e9 firm\u011b, kde by to mo\u017en\u00e1 mohlo b\u00fdt daleko lep\u0161\u00ed. N\u011bkdy \u010dlov\u011bku nezbude nic jin\u00e9ho ne\u017e se pod\u00edvat po firm\u011b kv\u016fli kolektivu. I to m\u016f\u017ee b\u00fdt d\u016fvod, pro\u010d odej\u00edt z\u00a0pr\u00e1ce, kde aktu\u00e1ln\u011b jste.                                                                                                                                                                                                                                                                                                                                                                                        5\/5 - (4 votes)        "},{"@context":"https:\/\/schema.org\/","@type":"BreadcrumbList","itemListElement":[{"@type":"ListItem","position":1,"name":"Spole\u010dnost v pr\u00e1ci","item":"https:\/\/www.vinaf.cz\/spolecnost-v-praci\/#breadcrumbitem"}]}]