{"@context":"https:\/\/schema.org\/","@type":"CollectionPage","@id":"https:\/\/www.vinaf.cz\/spolecnost\/#CollectionPage","headline":"Spole\u010dnost Category","description":"","url":"https:\/\/www.vinaf.cz\/spolecnost\/","hasPart":[{"@type":"Article","@id":"https:\/\/www.vinaf.cz\/ztratil-jsem-s-nami-trpelivost\/","headline":"Ztratil jsem s n\u00e1mi trp\u011blivost","url":"https:\/\/www.vinaf.cz\/ztratil-jsem-s-nami-trpelivost\/","datePublished":"2024-07-30","dateModified":"2024-07-30","mainEntityOfPage":"https:\/\/www.vinaf.cz\/ztratil-jsem-s-nami-trpelivost\/","author":{"@type":"Person","@id":"https:\/\/www.vinaf.cz\/author\/#Person","name":"","url":"https:\/\/www.vinaf.cz\/author\/","identifier":1,"image":{"@type":"ImageObject","@id":"https:\/\/secure.gravatar.com\/avatar\/e0a4ee3123bc6cda06472cb29cefd2abfa18c894e6c63b3d8bc84df8da10f637?s=96&d=mm&r=g","url":"https:\/\/secure.gravatar.com\/avatar\/e0a4ee3123bc6cda06472cb29cefd2abfa18c894e6c63b3d8bc84df8da10f637?s=96&d=mm&r=g","height":96,"width":96}},"publisher":{"@type":"Organization","name":"vinaf.cz","logo":{"@type":"ImageObject","@id":"\/logo.png","url":"\/logo.png","width":600,"height":60}},"image":{"@type":"ImageObject","@id":"https:\/\/www.vinaf.cz\/wp-content\/uploads\/%C5%BE%C5%BE%C5%BE%C5%BE_9.jpg","url":"https:\/\/www.vinaf.cz\/wp-content\/uploads\/%C5%BE%C5%BE%C5%BE%C5%BE_9.jpg","height":0,"width":0},"keywords":null},{"@type":"Article","@id":"https:\/\/www.vinaf.cz\/zamestnani-a-spolecnost\/","headline":"Zam\u011bstn\u00e1n\u00ed a spole\u010dnost","url":"https:\/\/www.vinaf.cz\/zamestnani-a-spolecnost\/","datePublished":"2024-02-28","dateModified":"2024-02-28","mainEntityOfPage":"https:\/\/www.vinaf.cz\/zamestnani-a-spolecnost\/","author":{"@type":"Person","@id":"https:\/\/www.vinaf.cz\/author\/#Person","name":"","url":"https:\/\/www.vinaf.cz\/author\/","identifier":1,"image":{"@type":"ImageObject","@id":"https:\/\/secure.gravatar.com\/avatar\/e0a4ee3123bc6cda06472cb29cefd2abfa18c894e6c63b3d8bc84df8da10f637?s=96&d=mm&r=g","url":"https:\/\/secure.gravatar.com\/avatar\/e0a4ee3123bc6cda06472cb29cefd2abfa18c894e6c63b3d8bc84df8da10f637?s=96&d=mm&r=g","height":96,"width":96}},"publisher":{"@type":"Organization","name":"vinaf.cz","logo":{"@type":"ImageObject","@id":"\/logo.png","url":"\/logo.png","width":600,"height":60}},"image":{"@type":"ImageObject","@id":"https:\/\/www.vinaf.cz\/wp-content\/uploads\/gallery-1678351_1280.jpg","url":"https:\/\/www.vinaf.cz\/wp-content\/uploads\/gallery-1678351_1280.jpg","height":0,"width":0},"keywords":null},{"@type":"Article","@id":"https:\/\/www.vinaf.cz\/co-se-muze-stat-nedonosenemu-diteti\/","headline":"Co se m\u016f\u017ee st\u00e1t nedono\u0161en\u00e9mu d\u00edt\u011bti?","url":"https:\/\/www.vinaf.cz\/co-se-muze-stat-nedonosenemu-diteti\/","datePublished":"2023-06-17","dateModified":"2024-05-20","mainEntityOfPage":"https:\/\/www.vinaf.cz\/co-se-muze-stat-nedonosenemu-diteti\/","author":{"@type":"Person","@id":"https:\/\/www.vinaf.cz\/author\/#Person","name":"","url":"https:\/\/www.vinaf.cz\/author\/","identifier":1,"image":{"@type":"ImageObject","@id":"https:\/\/secure.gravatar.com\/avatar\/e0a4ee3123bc6cda06472cb29cefd2abfa18c894e6c63b3d8bc84df8da10f637?s=96&d=mm&r=g","url":"https:\/\/secure.gravatar.com\/avatar\/e0a4ee3123bc6cda06472cb29cefd2abfa18c894e6c63b3d8bc84df8da10f637?s=96&d=mm&r=g","height":96,"width":96}},"publisher":{"@type":"Organization","name":"vinaf.cz","logo":{"@type":"ImageObject","@id":"\/logo.png","url":"\/logo.png","width":600,"height":60}},"image":{"@type":"ImageObject","@id":"https:\/\/www.vinaf.cz\/wp-content\/uploads\/baby-2416718_640_2.jpg","url":"https:\/\/www.vinaf.cz\/wp-content\/uploads\/baby-2416718_640_2.jpg","height":0,"width":0},"keywords":null},{"@type":"Article","@id":"https:\/\/www.vinaf.cz\/spolecnost-v-praci\/","headline":"Spole\u010dnost v pr\u00e1ci","url":"https:\/\/www.vinaf.cz\/spolecnost-v-praci\/","datePublished":"2023-01-22","dateModified":"2023-01-22","mainEntityOfPage":"https:\/\/www.vinaf.cz\/spolecnost-v-praci\/","author":{"@type":"Person","@id":"https:\/\/www.vinaf.cz\/author\/#Person","name":"","url":"https:\/\/www.vinaf.cz\/author\/","identifier":1,"image":{"@type":"ImageObject","@id":"https:\/\/secure.gravatar.com\/avatar\/e0a4ee3123bc6cda06472cb29cefd2abfa18c894e6c63b3d8bc84df8da10f637?s=96&d=mm&r=g","url":"https:\/\/secure.gravatar.com\/avatar\/e0a4ee3123bc6cda06472cb29cefd2abfa18c894e6c63b3d8bc84df8da10f637?s=96&d=mm&r=g","height":96,"width":96}},"publisher":{"@type":"Organization","name":"vinaf.cz","logo":{"@type":"ImageObject","@id":"\/logo.png","url":"\/logo.png","width":600,"height":60}},"image":{"@type":"ImageObject","@id":"https:\/\/www.vinaf.cz\/wp-content\/uploads\/office-620817_1280.jpg","url":"https:\/\/www.vinaf.cz\/wp-content\/uploads\/office-620817_1280.jpg","height":0,"width":0},"keywords":null},{"@type":"Article","@id":"https:\/\/www.vinaf.cz\/co-je-potreba-aby-mohl-clovek-fungovat-ve-spolecnosti\/","headline":"Co je pot\u0159eba, aby mohl \u010dlov\u011bk fungovat ve spole\u010dnosti","url":"https:\/\/www.vinaf.cz\/co-je-potreba-aby-mohl-clovek-fungovat-ve-spolecnosti\/","datePublished":"2022-12-28","dateModified":"2023-09-29","mainEntityOfPage":"https:\/\/www.vinaf.cz\/co-je-potreba-aby-mohl-clovek-fungovat-ve-spolecnosti\/","author":{"@type":"Person","@id":"https:\/\/www.vinaf.cz\/author\/#Person","name":"","url":"https:\/\/www.vinaf.cz\/author\/","identifier":1,"image":{"@type":"ImageObject","@id":"https:\/\/secure.gravatar.com\/avatar\/e0a4ee3123bc6cda06472cb29cefd2abfa18c894e6c63b3d8bc84df8da10f637?s=96&d=mm&r=g","url":"https:\/\/secure.gravatar.com\/avatar\/e0a4ee3123bc6cda06472cb29cefd2abfa18c894e6c63b3d8bc84df8da10f637?s=96&d=mm&r=g","height":96,"width":96}},"publisher":{"@type":"Organization","name":"vinaf.cz","logo":{"@type":"ImageObject","@id":"\/logo.png","url":"\/logo.png","width":600,"height":60}},"image":{"@type":"ImageObject","@id":"https:\/\/www.vinaf.cz\/wp-content\/uploads\/skola3_8.jpg","url":"https:\/\/www.vinaf.cz\/wp-content\/uploads\/skola3_8.jpg","height":0,"width":0},"keywords":null},{"@type":"Article","@id":"https:\/\/www.vinaf.cz\/kdyz-si-nesednete-s-kolegy-v-praci\/","headline":"Kdy\u017e si nesednete s kolegy v pr\u00e1ci","url":"https:\/\/www.vinaf.cz\/kdyz-si-nesednete-s-kolegy-v-praci\/","datePublished":"2022-12-22","dateModified":"2023-08-23","mainEntityOfPage":"https:\/\/www.vinaf.cz\/kdyz-si-nesednete-s-kolegy-v-praci\/","author":{"@type":"Person","@id":"https:\/\/www.vinaf.cz\/author\/#Person","name":"","url":"https:\/\/www.vinaf.cz\/author\/","identifier":1,"image":{"@type":"ImageObject","@id":"https:\/\/secure.gravatar.com\/avatar\/e0a4ee3123bc6cda06472cb29cefd2abfa18c894e6c63b3d8bc84df8da10f637?s=96&d=mm&r=g","url":"https:\/\/secure.gravatar.com\/avatar\/e0a4ee3123bc6cda06472cb29cefd2abfa18c894e6c63b3d8bc84df8da10f637?s=96&d=mm&r=g","height":96,"width":96}},"publisher":{"@type":"Organization","name":"vinaf.cz","logo":{"@type":"ImageObject","@id":"\/logo.png","url":"\/logo.png","width":600,"height":60}},"image":{"@type":"ImageObject","@id":"https:\/\/www.vinaf.cz\/wp-content\/uploads\/woman-792162_1280_1.jpg","url":"https:\/\/www.vinaf.cz\/wp-content\/uploads\/woman-792162_1280_1.jpg","height":0,"width":0},"keywords":null}]}