[{"@context":"https:\/\/schema.org\/","@type":"Article","@id":"https:\/\/www.vinaf.cz\/upravena-zahrada-radost-rozdava\/#Article","mainEntityOfPage":"https:\/\/www.vinaf.cz\/upravena-zahrada-radost-rozdava\/","headline":"Upraven\u00e1 zahrada radost rozd\u00e1v\u00e1","name":"Upraven\u00e1 zahrada radost rozd\u00e1v\u00e1","description":"P\u0159edstavte si, \u017ee vyjdete ven z va\u0161eho domu, brzy r\u00e1no, d\u00e1te si k\u00e1vu a sednete si na terasu a poslouch\u00e1te cvrlik\u00e1n\u00ed pt\u00e1\u010dk\u016f. Kolem sebe m\u00e1te ovocn\u00e9 stromy, jeden o\u0159ech a z list\u016f pomalu kape rann\u00ed rosa. Vy nas\u00e1v\u00e1te \u010derstv\u00fd vzduch, koch\u00e1te se kr\u00e1snou zahradou a u\u017e\u00edv\u00e1te si rann\u00ed k\u00e1vu. P\u0159esn\u011b to je sen mnoha lid\u00ed, [&hellip;]","datePublished":"2023-08-27","dateModified":"2023-09-27","author":{"@type":"Person","@id":"https:\/\/www.vinaf.cz\/author\/#Person","name":"","url":"https:\/\/www.vinaf.cz\/author\/","identifier":1,"image":{"@type":"ImageObject","@id":"https:\/\/secure.gravatar.com\/avatar\/e0a4ee3123bc6cda06472cb29cefd2abfa18c894e6c63b3d8bc84df8da10f637?s=96&d=mm&r=g","url":"https:\/\/secure.gravatar.com\/avatar\/e0a4ee3123bc6cda06472cb29cefd2abfa18c894e6c63b3d8bc84df8da10f637?s=96&d=mm&r=g","height":96,"width":96}},"publisher":{"@type":"Organization","name":"vinaf.cz","logo":{"@type":"ImageObject","@id":"\/logo.png","url":"\/logo.png","width":600,"height":60}},"image":{"@type":"ImageObject","@id":"https:\/\/www.vinaf.cz\/wp-content\/uploads\/victor-malyushev-w_N-XCjiM0o-unsplash.jpg","url":"https:\/\/www.vinaf.cz\/wp-content\/uploads\/victor-malyushev-w_N-XCjiM0o-unsplash.jpg","height":0,"width":0},"url":"https:\/\/www.vinaf.cz\/upravena-zahrada-radost-rozdava\/","about":["Produkty"],"wordCount":493,"articleBody":"   P\u0159edstavte si, \u017ee vyjdete ven z va\u0161eho domu, brzy r\u00e1no, d\u00e1te si k\u00e1vu a sednete si na terasu a poslouch\u00e1te cvrlik\u00e1n\u00ed pt\u00e1\u010dk\u016f. Kolem sebe m\u00e1te ovocn\u00e9 stromy, jeden o\u0159ech a z list\u016f pomalu kape rann\u00ed rosa. Vy nas\u00e1v\u00e1te \u010derstv\u00fd vzduch, koch\u00e1te se kr\u00e1snou zahradou a u\u017e\u00edv\u00e1te si rann\u00ed k\u00e1vu. P\u0159esn\u011b to je sen mnoha lid\u00ed, ale ne v\u0161ichni na to maj\u00ed prostory a pen\u00edze. Hodn\u011b lid\u00ed mus\u00ed \u017e\u00edt v byt\u011b, kde jedin\u00fd \u010derstv\u00fd vzduch r\u00e1no je na balkon\u011b, ale to se samoz\u0159ejm\u011b nem\u016f\u017ee srovn\u00e1vat se zahradou. Proto v\u0161ichni, kte\u0159\u00ed zahradu maj\u00ed by si m\u011bli uv\u011bdomit, co vlastn\u011b maj\u00ed a sna\u017eit se si ze zahrady ud\u011blat m\u00edsto, kde se budou denn\u011b r\u00e1di vracet a tr\u00e1vit tam t\u0159eba prvn\u00ed a posledn\u00ed chv\u00edle dne, tedy r\u00e1no a ve\u010der. P\u0159es den by to ale m\u011blo tak\u00e9 b\u00fdt \u00fato\u010di\u0161t\u011b. P\u0159ijdete z pr\u00e1ce a sednete si na terasu, kde otev\u0159ete knihu a za\u010dtete se do n\u00ed. To je tak\u00e9 ide\u00e1ln\u00ed p\u0159edstava, kter\u00e1 se d\u00e1 ov\u0161em splnit, pokud se \u010dlov\u011bk sna\u017e\u00ed. Jako prvn\u00ed ale mus\u00edte n\u011bjakou terasu m\u00edt, no ne? Tak poj\u010fme na to. Nejd\u016fle\u017eit\u011bj\u0161\u00ed je si v hlav\u011b p\u0159edstavit, kam co d\u00e1te a jak si tu zahradu rozvrhnete. Ne v\u0161ichni toti\u017e maj\u00ed dost velk\u00e9 prostory na alt\u00e1ny a podobn\u011b, proto si mus\u00edte sami uv\u011bdomit, jak velkou zahradu vlastn\u011b m\u00e1te a jak ji chcete vyu\u017e\u00edt. Zahrada by pro v\u00e1s m\u011bla b\u00fdt hlavn\u011b o\u00e1za klidu, s t\u00edm po\u010d\u00edtejte celou dobu a sna\u017ete se ud\u011blat v\u0161e proto, aby tomu tak bylo. M\u011bli byste tam opravdu r\u00e1di chodit a u\u017e\u00edvat si, \u017ee zahradu m\u00e1te.V\u0161e si klidn\u011b nakreslete. Na zahradu m\u016f\u017eete um\u00edstit cokoliv, co se v\u00e1m tam vleze. N\u011bkomu se l\u00edb\u00ed baz\u00e9n, n\u011bkdo preferuje alt\u00e1n, n\u011bkdo terasu u domu a nech\u00e1v\u00e1 si pak voln\u00e9 m\u00edsto na zahrad\u011b pro rostliny, a to t\u0159eba okrasn\u00e9 ke\u0159e, nebo n\u011bjak\u00e9 kv\u011btiny \u010di dokonce ovocn\u00e9 stromy. Na zahrad\u011b by se m\u011bl nach\u00e1zet tak\u00e9 zahradn\u00ed n\u00e1bytek, abyste si tam m\u011bli kde sednout. Na terasu m\u016f\u017eete um\u00edstit cokoliv, pokud v\u00e1m tam opravdu nepr\u0161\u00ed. Co se t\u00fd\u010de nezast\u0159e\u0161en\u00fdch \u010d\u00e1st\u00ed na zahrad\u011b, je lep\u0161\u00ed zvolit n\u011bco, co se de\u0161t\u011bm ani mrazem nezni\u010d\u00ed. Zahradu skv\u011ble dopl\u0148uje tak\u00e9 betonov\u00fd plot z Plzn\u011b montazmpc.cz. Ov\u0161em aby v\u0161e kr\u00e1sn\u011b hr\u00e1lo dohromady, o zahradu se mus\u00edte starat, a to chce hodn\u011b \u010dasu a \u00fasil\u00ed. Nezapome\u0148te pak tak\u00e9 na dekorace!                                                                                                                                                                                                                                                                                                                                                                                          4.2\/5 - (6 votes)        "},{"@context":"https:\/\/schema.org\/","@type":"BreadcrumbList","itemListElement":[{"@type":"ListItem","position":1,"name":"Upraven\u00e1 zahrada radost rozd\u00e1v\u00e1","item":"https:\/\/www.vinaf.cz\/upravena-zahrada-radost-rozdava\/#breadcrumbitem"}]}]