[{"@context":"https:\/\/schema.org\/","@type":"Article","@id":"https:\/\/www.vinaf.cz\/zajdete-si-do-kvalitniho-salonu\/#Article","mainEntityOfPage":"https:\/\/www.vinaf.cz\/zajdete-si-do-kvalitniho-salonu\/","headline":"Zajd\u011bte si do kvalitn\u00edho salonu","name":"Zajd\u011bte si do kvalitn\u00edho salonu","description":"\u017deny se neboj\u00ed si vyhradit \u010das jen pro sebe a nechat se h\u00fd\u010dkat v salonu kr\u00e1sy. \u017deny b\u011b\u017en\u011b chod\u00ed na kosmetiku, na mas\u00e1\u017ee, na nehty nebo ke kade\u0159nici, aby se samy sob\u011b l\u00edbily a aby se l\u00edbily i sv\u00fdm mu\u017e\u016fm. Na tom p\u0159ece nen\u00ed nic \u0161patn\u00e9ho ani zvl\u00e1\u0161tn\u00edho. Probl\u00e9m je, \u017ee mu\u017ei o sebe p\u0159\u00edli\u0161 [&hellip;]","datePublished":"2024-10-19","dateModified":"2024-10-19","author":{"@type":"Person","@id":"https:\/\/www.vinaf.cz\/author\/#Person","name":"","url":"https:\/\/www.vinaf.cz\/author\/","identifier":1,"image":{"@type":"ImageObject","@id":"https:\/\/secure.gravatar.com\/avatar\/e0a4ee3123bc6cda06472cb29cefd2abfa18c894e6c63b3d8bc84df8da10f637?s=96&d=mm&r=g","url":"https:\/\/secure.gravatar.com\/avatar\/e0a4ee3123bc6cda06472cb29cefd2abfa18c894e6c63b3d8bc84df8da10f637?s=96&d=mm&r=g","height":96,"width":96}},"publisher":{"@type":"Organization","name":"vinaf.cz","logo":{"@type":"ImageObject","@id":"\/logo.png","url":"\/logo.png","width":600,"height":60}},"image":{"@type":"ImageObject","@id":"https:\/\/www.vinaf.cz\/wp-content\/uploads\/barber-2507764_640_5.jpg","url":"https:\/\/www.vinaf.cz\/wp-content\/uploads\/barber-2507764_640_5.jpg","height":0,"width":0},"url":"https:\/\/www.vinaf.cz\/zajdete-si-do-kvalitniho-salonu\/","about":["Firmy"],"wordCount":447,"articleBody":"   \u017deny se neboj\u00ed si vyhradit \u010das jen pro sebe a nechat se h\u00fd\u010dkat v salonu kr\u00e1sy. \u017deny b\u011b\u017en\u011b chod\u00ed na kosmetiku, na mas\u00e1\u017ee, na nehty nebo ke kade\u0159nici, aby se samy sob\u011b l\u00edbily a aby se l\u00edbily i sv\u00fdm mu\u017e\u016fm. Na tom p\u0159ece nen\u00ed nic \u0161patn\u00e9ho ani zvl\u00e1\u0161tn\u00edho. Probl\u00e9m je, \u017ee mu\u017ei o sebe p\u0159\u00edli\u0161 nepe\u010duj\u00ed. A to dokonce ani mlad\u0161\u00ed ro\u010dn\u00edky, kde by se dal \u010dekat n\u011bjak\u00fd pokrok oproti p\u0159edchoz\u00edm generac\u00edm. Mu\u017ei si samoz\u0159ejm\u011b mohou zaj\u00edt ke kade\u0159nici, v\u017edy\u0165 p\u00e1nsk\u00fdch kade\u0159nictv\u00ed je spousta. Probl\u00e9m ale je \u017ee v\u011bt\u0161ina salon\u016f nen\u00ed ryze p\u00e1nsk\u00fdch a nab\u00edz\u00ed slu\u017eby i \u017een\u00e1m. N\u011bkte\u0159\u00ed mu\u017ei zkr\u00e1tka necht\u011bj\u00ed chodit do salonu, kde se mus\u00ed o prostor d\u011blit s ciz\u00edmi \u017eenami a p\u0159ed kter\u00fdmi by m\u011bli \u0159e\u0161it svoje p\u0159\u00e1n\u00ed a pot\u0159eby. Kdy\u017e u\u017e se o sebe chce n\u011bjak\u00fd mu\u017e starat v salonu, m\u011bl by si zaj\u00edt do ryze p\u00e1nsk\u00e9ho salonu, kde se o n\u011bj postaraj\u00ed. Pokud hled\u00e1te kvalitn\u00ed p\u00e1nsk\u00fd salon v Praze, kde se m\u016f\u017eete t\u011b\u0161it nejen na p\u0159\u00edjemn\u00e9 prost\u0159ed\u00ed kde si skv\u011ble odpo\u010dinete, ale i na opravdu sehran\u00fd a zku\u0161en\u00fd t\u00fdm, kter\u00fd se bude po celou dobu va\u0161\u00ed n\u00e1v\u0161t\u011bvy v\u011bnovat jen v\u00e1m, zajd\u011bte si k n\u00e1m. V na\u0161em barber shopu se na v\u00e1s t\u011b\u0161\u00ed spousta zku\u0161en\u00fdch holi\u010dek a barber\u016f, a t\u011b\u0161it se na v\u00e1s bude i n\u00e1\u0161 nov\u00fd \u010dlen t\u00fdmu Ivan Thecrownbarbershop.V\u0161ichni d\u011blaj\u00ed maximum pro to, aby od nich odch\u00e1zeli klienti maxim\u00e1ln\u011b spokojen\u00ed. P\u0159ekvapte svou partnerku t\u0159eba nov\u00fdm \u00fa\u010desem v den, kdy budete slavit v\u00fdro\u010d\u00ed. Nav\u00edc se bl\u00ed\u017e\u00ed V\u00e1noce a oslavy konce roku, a ur\u010dit\u011b budete chodit nejen na ve\u010d\u00edrky, ale i po n\u00e1v\u0161t\u011bv\u00e1ch k rodin\u011b a p\u0159\u00e1tel\u016fm, a alespo\u0148 v tuto dobu byste m\u011bl db\u00e1t na to, aby v\u00e1m to slu\u0161elo. Nechte si ud\u011blat \u00fa\u010des kter\u00fd v\u00e1m sedne jako \u017e\u00e1dn\u00fd jin\u00fd anebo si nechte upravit vousy, je to to nejmen\u0161\u00ed, co pro sebe m\u016f\u017eete ud\u011blat. V\u0161echny t\u00edm velice pozitivn\u011b p\u0159ekvap\u00edte a nebudete muset poslouchat babi\u010dku, \u017ee byste si m\u011bl ty vlasy trochu zast\u0159ihnout. Objednejte se je\u0161t\u011b dnes a\u0165 m\u00e1te jistotu term\u00ednu.                                                                                                                                                                                                                                                                                                                                                                                          4\/5 - (2 votes)        "},{"@context":"https:\/\/schema.org\/","@type":"BreadcrumbList","itemListElement":[{"@type":"ListItem","position":1,"name":"Zajd\u011bte si do kvalitn\u00edho salonu","item":"https:\/\/www.vinaf.cz\/zajdete-si-do-kvalitniho-salonu\/#breadcrumbitem"}]}]