[{"@context":"https:\/\/schema.org\/","@type":"Article","@id":"https:\/\/www.vinaf.cz\/zorganizujte-si-poradek\/#Article","mainEntityOfPage":"https:\/\/www.vinaf.cz\/zorganizujte-si-poradek\/","headline":"Zorganizujte si po\u0159\u00e1dek","name":"Zorganizujte si po\u0159\u00e1dek","description":"Udr\u017eov\u00e1n\u00ed po\u0159\u00e1dku v dom\u011b je jedna z nejt\u011b\u017e\u0161\u00edch v\u011bc\u00ed v \u017eivot\u011b \u017eeny a i ka\u017ed\u00e9ho, kdo se rozhodl osamostatnit a p\u0159est\u011bhovat se do \u201evlastn\u00edho\u201c. Na\u0161t\u011bst\u00ed m\u00e1me v dne\u0161n\u00ed dob\u011b opravdu mnoho mo\u017enost\u00ed, jak si takov\u00fd ten opravdu velk\u00fd gener\u00e1ln\u00ed \u00faklid uleh\u010dit. V\u0161echno to je v organizaci. Neukl\u00edzejte v\u017edy cel\u00fd d\u016fm najednou, ale rozlo\u017een\u011b v pr\u016fb\u011bhu [&hellip;]","datePublished":"2019-09-12","dateModified":"2019-09-12","author":{"@type":"Person","@id":"https:\/\/www.vinaf.cz\/author\/#Person","name":"","url":"https:\/\/www.vinaf.cz\/author\/","identifier":1,"image":{"@type":"ImageObject","@id":"https:\/\/secure.gravatar.com\/avatar\/e0a4ee3123bc6cda06472cb29cefd2abfa18c894e6c63b3d8bc84df8da10f637?s=96&d=mm&r=g","url":"https:\/\/secure.gravatar.com\/avatar\/e0a4ee3123bc6cda06472cb29cefd2abfa18c894e6c63b3d8bc84df8da10f637?s=96&d=mm&r=g","height":96,"width":96}},"publisher":{"@type":"Organization","name":"vinaf.cz","logo":{"@type":"ImageObject","@id":"\/logo.png","url":"\/logo.png","width":600,"height":60}},"image":{"@type":"ImageObject","@id":"https:\/\/www.vinaf.cz\/wp-content\/uploads\/img_a341954_w1742_t1554885079.png","url":"https:\/\/www.vinaf.cz\/wp-content\/uploads\/img_a341954_w1742_t1554885079.png","height":0,"width":0},"url":"https:\/\/www.vinaf.cz\/zorganizujte-si-poradek\/","about":["V\u011bda"],"wordCount":454,"articleBody":"      Udr\u017eov\u00e1n\u00ed po\u0159\u00e1dku v dom\u011b je jedna z nejt\u011b\u017e\u0161\u00edch v\u011bc\u00ed v \u017eivot\u011b \u017eeny a i ka\u017ed\u00e9ho, kdo se rozhodl osamostatnit a p\u0159est\u011bhovat se do \u201evlastn\u00edho\u201c. Na\u0161t\u011bst\u00ed m\u00e1me v dne\u0161n\u00ed dob\u011b opravdu mnoho mo\u017enost\u00ed, jak si takov\u00fd ten opravdu velk\u00fd gener\u00e1ln\u00ed \u00faklid uleh\u010dit. V\u0161echno to je v organizaci. Neukl\u00edzejte v\u017edy cel\u00fd d\u016fm najednou, ale rozlo\u017een\u011b v pr\u016fb\u011bhu cel\u00e9ho t\u00fddne. Vytvo\u0159te si seznam, podle kter\u00e9ho budete dan\u00e9 \u010dinnosti vykon\u00e1vat a z\u00e1sadn\u011b ho dodr\u017eujte. Mus\u00edte b\u00fdt na sebe p\u0159\u00edsn\u00ed a odm\u011bna pak bude opravdu sladk\u00e1 a to v podob\u011b dokonale uklizen\u00e9ho domova po cel\u00fd t\u00fdden.  Pokud m\u00e1te probl\u00e9my s organizov\u00e1n\u00edm v\u011bc\u00ed, mohou v\u00e1m b\u00fdt n\u00e1pomocn\u00e9 s\u00e1\u010dky se zipem, kter\u00e9 se vyr\u00e1b\u011bj\u00ed hned v n\u011bkolika proveden\u00edch a to hlavn\u011b podle velikosti, ale i barvy \u010di materi\u00e1lu. Tyto s\u00e1\u010dky maj\u00ed hned n\u011bkolikero vyu\u017eit\u00ed. P\u0159edev\u0161\u00edm pak to, \u017ee se v nich daj\u00ed dlouhodob\u011b uchov\u00e1vat nejr\u016fzn\u011bj\u0161\u00ed potraviny a to p\u0159edev\u0161\u00edm ty sypk\u00e9. Taky dob\u0159e poslou\u017e\u00ed jako p\u0159enosn\u00fd box na sva\u010dinu, kter\u00fd zabere opravdu minimum m\u00edsta. Tyto obaly se vyr\u00e1b\u011bj\u00ed i v tak velk\u00fdch velikostech, \u017ee je m\u016f\u017eete vyu\u017e\u00edt k uschov\u00e1v\u00e1n\u00ed oble\u010den\u00ed a podobn\u011b velik\u00fdch materi\u00e1l\u016f. Sv\u00e9 uplatn\u011bn\u00ed najdou t\u0159eba i v gar\u00e1\u017ei, kde v\u00e1m pomohou v uspo\u0159\u00e1d\u00e1n\u00ed ve\u0161ker\u00fdch \u0161roubk\u016f a podobn\u011b\u2026 Celkov\u011b tyto \u00falo\u017en\u00e9 boxy a krabice jsou velmi dobr\u00e1 v\u011bc do dom\u00e1cnosti, nebo\u0165 se vyr\u00e1b\u011bj\u00ed \u010dasto i v r\u016fzn\u011b zaj\u00edmav\u00fdch a designov\u00fdch proveden\u00ed, kter\u00e9 kr\u00e1sn\u011b dopln\u00ed celkov\u00fd dojem va\u0161eho dom\u00e1c\u00edho interi\u00e9ru.  Pokud bydl\u00edte v prostorech, kde nen\u00ed p\u0159\u00edli\u0161 toho \u00falo\u017en\u00e9ho prostoru, tak je pro v\u00e1s ide\u00e1ln\u00edm \u0159e\u0161en\u00edm, po\u0159\u00edzen\u00ed si takzvan\u00e9 vestav\u011bn\u00e9 sk\u0159\u00edn\u011b, do kter\u00e9 se toho vejde opravdu mnoho a zabere m\u00e1lo m\u00edsta. \u010casto se vyr\u00e1b\u011bj\u00ed v proveden\u00ed s posuvn\u00fdmi dve\u0159mi, kter\u00e9 takt\u00e9\u017e nezab\u00edraj\u00ed \u017e\u00e1dn\u00e9 p\u0159ebyte\u010dn\u00e9 m\u00edsto a nav\u00edc se daj\u00ed zkombinovat s velk\u00fdm zrcadlem, kter\u00e9 je prost\u011b nutnost. Do t\u011bchto sk\u0159\u00edni si pak u\u017e po\u0159\u00edd\u00edte op\u011bt n\u011bjak\u00e9 ty \u00falo\u017en\u00e9 boxy a krabice a m\u016f\u017eete m\u00edt i v mal\u00e9m prostoru v\u0161echny v\u011bci kr\u00e1sn\u011b zorganizovan\u00e9 a m\u00edt o nich naprost\u00fd p\u0159ehled, kde je co.                                                                                                                                                                                                                                                                                                                                                                                          4.2\/5 - (5 votes)        "},{"@context":"https:\/\/schema.org\/","@type":"BreadcrumbList","itemListElement":[{"@type":"ListItem","position":1,"name":"Zorganizujte si po\u0159\u00e1dek","item":"https:\/\/www.vinaf.cz\/zorganizujte-si-poradek\/#breadcrumbitem"}]}]